{"id":9373,"date":"2021-01-08T14:32:25","date_gmt":"2021-01-08T17:32:25","guid":{"rendered":"https:\/\/tvc16.com\/portal\/?p=9373"},"modified":"2021-01-08T14:32:28","modified_gmt":"2021-01-08T17:32:28","slug":"governador-visita-centro-de-producao-da-vacina-contra-a-covid-19-com-a-presidente-da-fiocruz","status":"publish","type":"post","link":"https:\/\/tvc16.com\/portal\/2021\/01\/08\/governador-visita-centro-de-producao-da-vacina-contra-a-covid-19-com-a-presidente-da-fiocruz\/","title":{"rendered":"Governador visita centro de produ\u00e7\u00e3o da vacina contra a Covid-19 com a presidente da Fiocruz"},"content":{"rendered":"\n<p><em>Encontro acontece no dia em que a institui\u00e7\u00e3o apresenta \u00e0 Anvisa pedido para uso emergencial de imunizante<\/em><\/p>\n\n\n\n<p>Para fortalecer a parceria entre o Estado do Rio e a Fiocruz, o governador em exerc\u00edcio Cl\u00e1udio Castro se reuniu, na manh\u00e3 desta sexta-feira (8), com a presidente da Funda\u00e7\u00e3o, N\u00edsia Trindade. Ainda hoje, a institui\u00e7\u00e3o apresenta \u00e0 Anvisa pedido para uso emergencial de dois milh\u00f5es de doses da vacina contra a Covid-19 desenvolvida pela Universidade de Oxford em parceria com o laborat\u00f3rio AstraZeneca, dando in\u00edcio a uma importante etapa da imuniza\u00e7\u00e3o. Durante o encontro, governador e presidente visitaram Bio-Manguinhos, centro de produ\u00e7\u00e3o onde ser\u00e1 produzido o imunizante.<\/p>\n\n\n\n<figure class=\"wp-block-image size-large\"><img loading=\"lazy\" decoding=\"async\" width=\"1024\" height=\"644\" src=\"https:\/\/tvc16.com\/portal\/wp-content\/uploads\/2021\/01\/08012021-visita-a-fiocruz-35-1024x644.jpg\" alt=\"\" class=\"wp-image-9375\" srcset=\"https:\/\/tvc16.com\/portal\/wp-content\/uploads\/2021\/01\/08012021-visita-a-fiocruz-35-1024x644.jpg 1024w, https:\/\/tvc16.com\/portal\/wp-content\/uploads\/2021\/01\/08012021-visita-a-fiocruz-35-300x189.jpg 300w, https:\/\/tvc16.com\/portal\/wp-content\/uploads\/2021\/01\/08012021-visita-a-fiocruz-35-768x483.jpg 768w, https:\/\/tvc16.com\/portal\/wp-content\/uploads\/2021\/01\/08012021-visita-a-fiocruz-35-1536x967.jpg 1536w, https:\/\/tvc16.com\/portal\/wp-content\/uploads\/2021\/01\/08012021-visita-a-fiocruz-35-2048x1289.jpg 2048w\" sizes=\"auto, (max-width: 1024px) 100vw, 1024px\" \/><figcaption>08012021 &#8211; Governador em exerc\u00edcio, Cl\u00e1udio Castro, participa de Reuni\u00e3o e visita ao centro de diagn\u00f3stico de Covid e Bio-Manguinhos &#8211; Fiocruz<\/figcaption><\/figure>\n\n\n\n<p>&#8211; Essa visita vem coroar nossa parceria. Estamos muito perto da popula\u00e7\u00e3o fluminense come\u00e7ar a ser vacinada. Fizemos nosso papel e estamos abastecidos de seringa, agulhas e locais para armazenamento aguardando a chegada da vacina. Como anunciado pelo Minist\u00e9rio da Sa\u00fade, h\u00e1 uma possibilidade disso acontecer no pr\u00f3ximo dia 20 no pa\u00eds. Seria o melhor presente para o Rio nesse in\u00edcio do ano \u2013 afirmou o governador.<\/p>\n\n\n\n<p>O planejamento para abastecer os postos de sa\u00fade dos 92 munic\u00edpios para vacina\u00e7\u00e3o foi elaborado pela Secretaria de Estado de Sa\u00fade (SES), que adquiriu 16 milh\u00f5es de seringas e agulhas ao custo de 17 centavos a unidade. Desse total, 8 milh\u00f5es j\u00e1 foram recebidas pela SES. Ao todo, o Rio contar\u00e1 com mais de 50 milh\u00f5es desses insumos, al\u00e9m de frigor\u00edficos para armazenar vacinas.<\/p>\n\n\n\n<p>A expectativa \u00e9 que, tamb\u00e9m no dia 20 de janeiro, a Fiocruz inicie a produ\u00e7\u00e3o das primeiras doses da vacina de Oxford. Para a presidente N\u00edsia Trindade, esse \u00e9 um momento crucial na luta contra a pandemia. A expectativa \u00e9 que, em abril, todo a fabrica\u00e7\u00e3o da vacina contra a covid seja realizada pela Fiocruz, que prev\u00ea a entrega de 100 milh\u00f5es de doses at\u00e9 julho.<\/p>\n\n\n\n<p>&#8211; Quero agradecer a parceria do Estado nesse momento. A vacina \u00e9 uma palavra de esperan\u00e7a e, agora, algo muito concreto. Em breve, esperamos que logo nossa popula\u00e7\u00e3o possa ser vacinada. Tamb\u00e9m aproveito para refor\u00e7ar essa coopera\u00e7\u00e3o entre Fiocruz e do Governo do Estado na assinatura da escritura definitiva para o terreno onde ser\u00e1 constru\u00eddo o complexo de vacinas, que \u00e9 uma grande contribui\u00e7\u00e3o para o pa\u00eds \u2013 destacou.<\/p>\n\n\n\n<p><strong>Estado e Fiocruz<\/strong><\/p>\n\n\n\n<p>No in\u00edcio de dezembro, Governo do Estado e Friocruz assinaram a escritura definitiva do terreno onde ser\u00e1 instalado o Complexo Industrial de Biotecnologia em Sa\u00fade (CIBS), no Distrito Industrial de Santa Cruz, na Zona Oeste do Rio. O espa\u00e7o, cedido pela Companhia de Desenvolvimento Industrial do Estado do Rio de Janeiro (Codin), receber\u00e1 a maior f\u00e1brica de vacinas da Am\u00e9rica Latina, que vai quadruplicar a capacidade de produ\u00e7\u00e3o anual de frascos de imunizantes e biof\u00e1rmacos da Fiocruz.<\/p>\n","protected":false},"excerpt":{"rendered":"<p>Encontro acontece no dia em que a institui\u00e7\u00e3o apresenta \u00e0 Anvisa pedido para uso emergencial<\/p>\n","protected":false},"author":2,"featured_media":9374,"comment_status":"open","ping_status":"open","sticky":false,"template":"","format":"standard","meta":{"footnotes":""},"categories":[17],"tags":[],"class_list":["post-9373","post","type-post","status-publish","format-standard","has-post-thumbnail","hentry","category-outras-noticias"],"_links":{"self":[{"href":"https:\/\/tvc16.com\/portal\/wp-json\/wp\/v2\/posts\/9373","targetHints":{"allow":["GET"]}}],"collection":[{"href":"https:\/\/tvc16.com\/portal\/wp-json\/wp\/v2\/posts"}],"about":[{"href":"https:\/\/tvc16.com\/portal\/wp-json\/wp\/v2\/types\/post"}],"author":[{"embeddable":true,"href":"https:\/\/tvc16.com\/portal\/wp-json\/wp\/v2\/users\/2"}],"replies":[{"embeddable":true,"href":"https:\/\/tvc16.com\/portal\/wp-json\/wp\/v2\/comments?post=9373"}],"version-history":[{"count":1,"href":"https:\/\/tvc16.com\/portal\/wp-json\/wp\/v2\/posts\/9373\/revisions"}],"predecessor-version":[{"id":9376,"href":"https:\/\/tvc16.com\/portal\/wp-json\/wp\/v2\/posts\/9373\/revisions\/9376"}],"wp:featuredmedia":[{"embeddable":true,"href":"https:\/\/tvc16.com\/portal\/wp-json\/wp\/v2\/media\/9374"}],"wp:attachment":[{"href":"https:\/\/tvc16.com\/portal\/wp-json\/wp\/v2\/media?parent=9373"}],"wp:term":[{"taxonomy":"category","embeddable":true,"href":"https:\/\/tvc16.com\/portal\/wp-json\/wp\/v2\/categories?post=9373"},{"taxonomy":"post_tag","embeddable":true,"href":"https:\/\/tvc16.com\/portal\/wp-json\/wp\/v2\/tags?post=9373"}],"curies":[{"name":"wp","href":"https:\/\/api.w.org\/{rel}","templated":true}]}}