{"id":9377,"date":"2021-01-08T21:17:38","date_gmt":"2021-01-09T00:17:38","guid":{"rendered":"https:\/\/tvc16.com\/portal\/?p=9377"},"modified":"2021-01-08T21:17:39","modified_gmt":"2021-01-09T00:17:39","slug":"petropolis-recebera-do-ministerio-da-saude-99-mil-doses-de-vacinas-que-atenderao-as-quatro-primeiras-fases-de-vacinacao-contra-o-coronavirus","status":"publish","type":"post","link":"https:\/\/tvc16.com\/portal\/2021\/01\/08\/petropolis-recebera-do-ministerio-da-saude-99-mil-doses-de-vacinas-que-atenderao-as-quatro-primeiras-fases-de-vacinacao-contra-o-coronavirus\/","title":{"rendered":"Petr\u00f3polis receber\u00e1 do Minist\u00e9rio da Sa\u00fade 99 mil doses de vacinas que atender\u00e3o \u00e0s quatro primeiras fases de vacina\u00e7\u00e3o contra o coronav\u00edrus."},"content":{"rendered":"\n<p>O munic\u00edpio tamb\u00e9m receber\u00e1 os insumos necess\u00e1rios para aplica\u00e7\u00e3o destas doses na popula\u00e7\u00e3o. Preocupado com o avan\u00e7o da doen\u00e7a na cidade, o prefeito interino Hingo Hammes refor\u00e7ou, na tarde desta sexta-feira, o interesse de adquirir mais doses para o munic\u00edpio. Nesta sexta-feira (08), a Secretaria de Sa\u00fade confirmou mais 18 \u00f3bitos de pacientes com a doen\u00e7a.<\/p>\n\n\n\n<p>As remessas que ser\u00e3o enviadas pelo Governo Federal atender\u00e3o a um ter\u00e7o da popula\u00e7\u00e3o e ser\u00e3o utilizadas nas quatro primeiras fases da vacina\u00e7\u00e3o, obedecendo ao protocolo do Minist\u00e9rio da Sa\u00fade, e ser\u00e3o destinadas aos idosos, profissionais da sa\u00fade, professores, pessoas com comorbidades e \u00e0s for\u00e7as de seguran\u00e7a. \u201cTemos outras 200 mil pessoas que precisam ser vacinadas e trabalharemos para adquirir doses suficientes para imunizar toda a popula\u00e7\u00e3o\u201d, declarou Hingo Hammes.<\/p>\n\n\n\n<figure class=\"wp-block-image size-large\"><img loading=\"lazy\" decoding=\"async\" width=\"1024\" height=\"682\" src=\"https:\/\/tvc16.com\/portal\/wp-content\/uploads\/2021\/01\/IMG-20210108-WA0066-1024x682.jpg\" alt=\"\" class=\"wp-image-9380\" srcset=\"https:\/\/tvc16.com\/portal\/wp-content\/uploads\/2021\/01\/IMG-20210108-WA0066-1024x682.jpg 1024w, https:\/\/tvc16.com\/portal\/wp-content\/uploads\/2021\/01\/IMG-20210108-WA0066-300x200.jpg 300w, https:\/\/tvc16.com\/portal\/wp-content\/uploads\/2021\/01\/IMG-20210108-WA0066-768x512.jpg 768w, https:\/\/tvc16.com\/portal\/wp-content\/uploads\/2021\/01\/IMG-20210108-WA0066-900x600.jpg 900w, https:\/\/tvc16.com\/portal\/wp-content\/uploads\/2021\/01\/IMG-20210108-WA0066.jpg 1280w\" sizes=\"auto, (max-width: 1024px) 100vw, 1024px\" \/><\/figure>\n\n\n\n<p>O secret\u00e1rio de Sa\u00fade, Alo\u00edsio Barbosa da Silva Filho, esclareceu que ser\u00e1 preciso aguardar as aprova\u00e7\u00f5es das vacinas pela Anvisa para que o processo de compra seja realizado. \u201cTemos total interesse em adquirir doses da vacina para imunizar nossa popula\u00e7\u00e3o, s\u00f3 precisamos obedecer aos tr\u00e2mites\u201d, afirmou. Ele explicou ainda que n\u00e3o h\u00e1 previs\u00e3o de envio das vacinas por parte do Minist\u00e9rio e que, por isso, \u00e9 precoce informar uma data de in\u00edcio para a vacina\u00e7\u00e3o. A Secretaria, no entanto, j\u00e1 est\u00e1 preparando toda a log\u00edstica necess\u00e1ria.<\/p>\n","protected":false},"excerpt":{"rendered":"<p>O munic\u00edpio tamb\u00e9m receber\u00e1 os insumos necess\u00e1rios para aplica\u00e7\u00e3o destas doses na popula\u00e7\u00e3o. Preocupado com<\/p>\n","protected":false},"author":2,"featured_media":9378,"comment_status":"open","ping_status":"open","sticky":false,"template":"","format":"standard","meta":{"footnotes":""},"categories":[12],"tags":[],"class_list":["post-9377","post","type-post","status-publish","format-standard","has-post-thumbnail","hentry","category-cidade"],"_links":{"self":[{"href":"https:\/\/tvc16.com\/portal\/wp-json\/wp\/v2\/posts\/9377","targetHints":{"allow":["GET"]}}],"collection":[{"href":"https:\/\/tvc16.com\/portal\/wp-json\/wp\/v2\/posts"}],"about":[{"href":"https:\/\/tvc16.com\/portal\/wp-json\/wp\/v2\/types\/post"}],"author":[{"embeddable":true,"href":"https:\/\/tvc16.com\/portal\/wp-json\/wp\/v2\/users\/2"}],"replies":[{"embeddable":true,"href":"https:\/\/tvc16.com\/portal\/wp-json\/wp\/v2\/comments?post=9377"}],"version-history":[{"count":1,"href":"https:\/\/tvc16.com\/portal\/wp-json\/wp\/v2\/posts\/9377\/revisions"}],"predecessor-version":[{"id":9381,"href":"https:\/\/tvc16.com\/portal\/wp-json\/wp\/v2\/posts\/9377\/revisions\/9381"}],"wp:featuredmedia":[{"embeddable":true,"href":"https:\/\/tvc16.com\/portal\/wp-json\/wp\/v2\/media\/9378"}],"wp:attachment":[{"href":"https:\/\/tvc16.com\/portal\/wp-json\/wp\/v2\/media?parent=9377"}],"wp:term":[{"taxonomy":"category","embeddable":true,"href":"https:\/\/tvc16.com\/portal\/wp-json\/wp\/v2\/categories?post=9377"},{"taxonomy":"post_tag","embeddable":true,"href":"https:\/\/tvc16.com\/portal\/wp-json\/wp\/v2\/tags?post=9377"}],"curies":[{"name":"wp","href":"https:\/\/api.w.org\/{rel}","templated":true}]}}