{"id":9382,"date":"2021-01-08T21:50:35","date_gmt":"2021-01-09T00:50:35","guid":{"rendered":"https:\/\/tvc16.com\/portal\/?p=9382"},"modified":"2021-01-08T21:50:37","modified_gmt":"2021-01-09T00:50:37","slug":"normas-para-vidros-de-vans-intermunicipais-entram-em-vigor-medida-tem-como-objetivo-garantir-a-seguranca-dos-passageiros-ao-melhorar-a-visibilidade-do-motorista","status":"publish","type":"post","link":"https:\/\/tvc16.com\/portal\/2021\/01\/08\/normas-para-vidros-de-vans-intermunicipais-entram-em-vigor-medida-tem-como-objetivo-garantir-a-seguranca-dos-passageiros-ao-melhorar-a-visibilidade-do-motorista\/","title":{"rendered":"Normas para vidros de vans intermunicipais entram em vigor. Medida tem como objetivo garantir a seguran\u00e7a dos passageiros ao melhorar a visibilidade do motorista"},"content":{"rendered":"\n<p>Come\u00e7am a valer, neste domingo (10), as regras para a transmiss\u00e3o luminosa &#8211; quantidade de luz vis\u00edvel que pode passar pelo vidro &#8211; nas vans intermunicipais. As normas foram estabelecidas pelo Departamento de Transportes Rodovi\u00e1rios do Estado do Rio de Janeiro (Detro-RJ) em portaria publicada em 12 de novembro, no Di\u00e1rio Oficial. A medida tem como objetivo garantir a seguran\u00e7a dos passageiros, uma vez que as porcentagens de transmiss\u00e3o luminosa interferem diretamente na visibilidade do motorista.<\/p>\n\n\n\n<p>De acordo com a regulamenta\u00e7\u00e3o, a transmiss\u00e3o luminosa de para-brisas e vidros laterais dianteiros n\u00e3o poder\u00e3o ser inferiores a 75% para os vidros incolores e 70% para os coloridos. No caso dos vidros traseiros, a transmiss\u00e3o n\u00e3o poder\u00e1 ser inferior a 70%. Est\u00e1 proibida a aplica\u00e7\u00e3o de pel\u00edculas refletivas (espelhadas) em qualquer \u00e1rea envidra\u00e7ada do ve\u00edculo.<\/p>\n\n\n\n<p>A aplica\u00e7\u00e3o de pel\u00edcula n\u00e3o refletiva est\u00e1 permitida nas \u00e1reas envidra\u00e7adas laterais, com transpar\u00eancia m\u00ednima de 70%. Neste caso, dever\u00e3o estar gravadas na pel\u00edcula a marca do instalador e o \u00edndice de transmiss\u00e3o luminosa existentes. Conforme determinado na portaria, essas informa\u00e7\u00f5es precisar\u00e3o ser vis\u00edveis pelos lados externos dos vidros, para facilitar a fiscaliza\u00e7\u00e3o.<\/p>\n\n\n\n<p>A verifica\u00e7\u00e3o dos \u00edndices de transmit\u00e2ncia luminosa ser\u00e1 realizada conforme regulamenta\u00e7\u00e3o do Conselho Nacional de Tr\u00e2nsito (Contran), por meio do medidor de transmit\u00e2ncia luminosa, equipamento destinado \u00e0 medi\u00e7\u00e3o, aprovado pelo Inmetro e o Departamento Nacional de Tr\u00e2nsito (Denatran).<\/p>\n\n\n\n<p>Nas fiscaliza\u00e7\u00f5es e vistorias, o motorista dever\u00e1 apresentar a nota fiscal da empresa instaladora da pel\u00edcula, com as especifica\u00e7\u00f5es e demarca\u00e7\u00f5es da chancela que qualifica a transpar\u00eancia, para verifica\u00e7\u00e3o com o medidor de transmit\u00e2ncia luminosa. Caso o aferido seja inferior ao informado pela empresa, ser\u00e1 somado o percentual de 7% ao \u00edndice medido. Se o resultado ainda n\u00e3o atingir o valor determinado na portaria, ser\u00e1 aplicada multa e aberto processo administrativo, para apura\u00e7\u00e3o e envio \u00e0 Delegacia de Defrauda\u00e7\u00f5es.<\/p>\n\n\n\n<p>Em outubro do ano passado, os agentes do Detro-RJ participaram de a\u00e7\u00e3o educativa conduzida pela equipe da Pol\u00edcia Rodovi\u00e1ria Federal (<em>foto<\/em>), que demonstrou procedimentos sobre como operar o equipamento destinado \u00e0 medi\u00e7\u00e3o.&nbsp;<\/p>\n","protected":false},"excerpt":{"rendered":"<p>Come\u00e7am a valer, neste domingo (10), as regras para a transmiss\u00e3o luminosa &#8211; quantidade de<\/p>\n","protected":false},"author":2,"featured_media":9383,"comment_status":"open","ping_status":"open","sticky":false,"template":"","format":"standard","meta":{"footnotes":""},"categories":[17],"tags":[],"class_list":["post-9382","post","type-post","status-publish","format-standard","has-post-thumbnail","hentry","category-outras-noticias"],"_links":{"self":[{"href":"https:\/\/tvc16.com\/portal\/wp-json\/wp\/v2\/posts\/9382","targetHints":{"allow":["GET"]}}],"collection":[{"href":"https:\/\/tvc16.com\/portal\/wp-json\/wp\/v2\/posts"}],"about":[{"href":"https:\/\/tvc16.com\/portal\/wp-json\/wp\/v2\/types\/post"}],"author":[{"embeddable":true,"href":"https:\/\/tvc16.com\/portal\/wp-json\/wp\/v2\/users\/2"}],"replies":[{"embeddable":true,"href":"https:\/\/tvc16.com\/portal\/wp-json\/wp\/v2\/comments?post=9382"}],"version-history":[{"count":1,"href":"https:\/\/tvc16.com\/portal\/wp-json\/wp\/v2\/posts\/9382\/revisions"}],"predecessor-version":[{"id":9384,"href":"https:\/\/tvc16.com\/portal\/wp-json\/wp\/v2\/posts\/9382\/revisions\/9384"}],"wp:featuredmedia":[{"embeddable":true,"href":"https:\/\/tvc16.com\/portal\/wp-json\/wp\/v2\/media\/9383"}],"wp:attachment":[{"href":"https:\/\/tvc16.com\/portal\/wp-json\/wp\/v2\/media?parent=9382"}],"wp:term":[{"taxonomy":"category","embeddable":true,"href":"https:\/\/tvc16.com\/portal\/wp-json\/wp\/v2\/categories?post=9382"},{"taxonomy":"post_tag","embeddable":true,"href":"https:\/\/tvc16.com\/portal\/wp-json\/wp\/v2\/tags?post=9382"}],"curies":[{"name":"wp","href":"https:\/\/api.w.org\/{rel}","templated":true}]}}