{"id":9391,"date":"2021-01-08T22:50:50","date_gmt":"2021-01-09T01:50:50","guid":{"rendered":"https:\/\/tvc16.com\/portal\/?p=9391"},"modified":"2021-01-08T22:50:52","modified_gmt":"2021-01-09T01:50:52","slug":"mapa-de-risco-da-covid-19-regioes-metropolitana-ii-e-serrana-melhoram-e-voltam-a-apresentar-baixo-risco-para-doenca-norte-fluminense-sai-da-bandeira-vermelha-e-evolui-para-a-laranja","status":"publish","type":"post","link":"https:\/\/tvc16.com\/portal\/2021\/01\/08\/mapa-de-risco-da-covid-19-regioes-metropolitana-ii-e-serrana-melhoram-e-voltam-a-apresentar-baixo-risco-para-doenca-norte-fluminense-sai-da-bandeira-vermelha-e-evolui-para-a-laranja\/","title":{"rendered":"Mapa de Risco da Covid-19: regi\u00f5es Metropolitana II e Serrana melhoram e voltam a apresentar baixo risco para doen\u00e7a. Norte Fluminense sai da bandeira vermelha e evolui para a laranja"},"content":{"rendered":"\n<p><br>A 13\u00aa edi\u00e7\u00e3o do Mapa de Risco da Covid-19 mostra uma melhora na situa\u00e7\u00e3o da pandemia no Estado do Rio. A Regi\u00e3o Serrana, que estava na bandeira vermelha (alto risco para a doen\u00e7a) na edi\u00e7\u00e3o anterior do mapa, foi a que registrou a melhor evolu\u00e7\u00e3o, passando direto para a bandeira amarela (baixo risco). A Regi\u00e3o Norte Fluminense evoluiu da bandeira vermelha para a laranja (risco moderado), e a Regi\u00e3o Metropolitana II (de Niter\u00f3i, S\u00e3o Gon\u00e7alo e munic\u00edpios vizinhos) melhorou da laranja para a amarela.\u00a0<br>As regi\u00f5es Metropolitana I, Noroeste e Ba\u00eda de Ilha Grande ficaram na bandeira vermelha, e as regi\u00f5es M\u00e9dio Para\u00edba e Baixada Litor\u00e2nea permaneceram na bandeira laranja. A \u00fanica piora ocorreu na Regi\u00e3o Centro-Sul, da laranja para a vermelha. No geral, o Estado do Rio manteve a bandeira vermelha, embora menos regi\u00f5es do estado (e um percentual menor da popula\u00e7\u00e3o fluminense) estejam nesta condi\u00e7\u00e3o. A an\u00e1lise compara a semana epidemiol\u00f3gica 50 (de 06 de dezembro a 12 de dezembro) com a 48 (de 22 a 28 de novembro).<br>A Secretaria de Estado de Sa\u00fade (SES) executa um pacote de medidas para enfrentamento \u00e0 pandemia. Entre os meses de novembro e dezembro, a SES ampliou a rede dedicada ao tratamento da Covid-19 em 989 leitos, sendo 390 de UTI adulto e 599 de enfermaria nas unidades estaduais e a partir de incentivos do estado. A SES deu in\u00edcio em 4 de dezembro ao programa de amplia\u00e7\u00e3o de testagem por RT-PCR, com abertura de quatro centros para diagn\u00f3stico precoce, onde est\u00e3o sendo oferecidos 1.500 testes por dia. At\u00e9 esta sexta-feira (08\/01), j\u00e1 haviam sido realizados 23.131 testes de RT-PCR nas unidades.\u00a0<br>O programa \u00e9 complementar \u00e0 testagem de RT-PCR que j\u00e1 vem sendo realizada em unidades municipais de sa\u00fade e coordenada pela Secretaria. Desde o in\u00edcio da pandemia, j\u00e1 foram realizados mais de 406 mil testes. S\u00f3 em novembro, foram mais de 98 mil exames, caracterizando um aumento de 74% em rela\u00e7\u00e3o a outubro, numa parceria entre SES, COSEMS e Fiocruz. A Secretaria tamb\u00e9m repassou verbas de cofinanciamento aos munic\u00edpios fluminenses para a\u00e7\u00f5es de combate \u00e0 Covid-19, inclusive contemplando as parcelas em atraso.<br>Cada bandeira representa um n\u00edvel de risco e um conjunto de recomenda\u00e7\u00f5es de isolamento social, que variam entre as cores roxa (risco muito alto), vermelha (risco alto), laranja (risco moderado), amarela (risco baixo) e verde (risco muito baixo).<br>\u00c9 importante ressaltar que as \u00faltimas semanas epidemiol\u00f3gicas do ano s\u00e3o impactadas pelos feriados nacionais e mudan\u00e7as de gest\u00e3o no \u00e2mbito municipal, refletindo em um menor registro das notifica\u00e7\u00f5es. Assim, algumas regi\u00f5es podem ter apresentado uma baixa notifica\u00e7\u00e3o que ocasionou uma redu\u00e7\u00e3o que n\u00e3o representa a realidade.<br><\/p>\n","protected":false},"excerpt":{"rendered":"<p>Painel de indicadores da Covid-19 e a nota t\u00e9cnica 01\/2021 elaborada pela Subsecretaria de Vigil\u00e2ncia em Sa\u00fade:<br \/>\nNota T\u00e9cnica N\u00ba 01\/2021<br \/>\nPainel de Indicadores da Covid-19 (08\/01\/2021)<\/p>\n","protected":false},"author":2,"featured_media":9392,"comment_status":"open","ping_status":"open","sticky":false,"template":"","format":"standard","meta":{"footnotes":""},"categories":[17],"tags":[],"class_list":["post-9391","post","type-post","status-publish","format-standard","has-post-thumbnail","hentry","category-outras-noticias"],"_links":{"self":[{"href":"https:\/\/tvc16.com\/portal\/wp-json\/wp\/v2\/posts\/9391","targetHints":{"allow":["GET"]}}],"collection":[{"href":"https:\/\/tvc16.com\/portal\/wp-json\/wp\/v2\/posts"}],"about":[{"href":"https:\/\/tvc16.com\/portal\/wp-json\/wp\/v2\/types\/post"}],"author":[{"embeddable":true,"href":"https:\/\/tvc16.com\/portal\/wp-json\/wp\/v2\/users\/2"}],"replies":[{"embeddable":true,"href":"https:\/\/tvc16.com\/portal\/wp-json\/wp\/v2\/comments?post=9391"}],"version-history":[{"count":1,"href":"https:\/\/tvc16.com\/portal\/wp-json\/wp\/v2\/posts\/9391\/revisions"}],"predecessor-version":[{"id":9393,"href":"https:\/\/tvc16.com\/portal\/wp-json\/wp\/v2\/posts\/9391\/revisions\/9393"}],"wp:featuredmedia":[{"embeddable":true,"href":"https:\/\/tvc16.com\/portal\/wp-json\/wp\/v2\/media\/9392"}],"wp:attachment":[{"href":"https:\/\/tvc16.com\/portal\/wp-json\/wp\/v2\/media?parent=9391"}],"wp:term":[{"taxonomy":"category","embeddable":true,"href":"https:\/\/tvc16.com\/portal\/wp-json\/wp\/v2\/categories?post=9391"},{"taxonomy":"post_tag","embeddable":true,"href":"https:\/\/tvc16.com\/portal\/wp-json\/wp\/v2\/tags?post=9391"}],"curies":[{"name":"wp","href":"https:\/\/api.w.org\/{rel}","templated":true}]}}