{"id":9394,"date":"2021-01-08T23:00:43","date_gmt":"2021-01-09T02:00:43","guid":{"rendered":"https:\/\/tvc16.com\/portal\/?p=9394"},"modified":"2021-01-08T23:00:46","modified_gmt":"2021-01-09T02:00:46","slug":"passagem-de-nivel-da-via-ferrea-em-nova-iguacu-sera-fechada-para-obra-do-viaduto-de-austin-com-colocacao-de-lajes-pre-moldadas","status":"publish","type":"post","link":"https:\/\/tvc16.com\/portal\/2021\/01\/08\/passagem-de-nivel-da-via-ferrea-em-nova-iguacu-sera-fechada-para-obra-do-viaduto-de-austin-com-colocacao-de-lajes-pre-moldadas\/","title":{"rendered":"Passagem de n\u00edvel da via f\u00e9rrea em Nova Igua\u00e7u ser\u00e1 fechada para obra do viaduto de Austin, com coloca\u00e7\u00e3o de lajes pr\u00e9-moldadas"},"content":{"rendered":"\n<p><strong><br><\/strong><br>A obra do Viaduto de Austin entra em mais uma fase neste fim de semana. A partir das 14h deste s\u00e1bado (9), a passagem de n\u00edvel da via f\u00e9rrea em Austin vai estar fechada para passagem de ve\u00edculos \u00a0e \u00a0pedestres, s\u00f3 reabrindo \u00e0s 6h de domingo. Essa interdi\u00e7\u00e3o ser\u00e1 feita para que a Secretaria de Infraestrutura de Nova Igua\u00e7u (Semif) instale, a partir das 23h30m, cinco das nove lajes pr\u00e9-moldadas do quinto e \u00faltimo v\u00e3o. No total, o viaduto tem 50 lajes, sendo que 41 j\u00e1 foram colocadas. Com isso, incluindo muro e acessos, a constru\u00e7\u00e3o est\u00e1 com aproximadamente 60% executada. As quatro lajes restantes dever\u00e3o ser colocadas em breve.<br><br>Depois de conclu\u00edda a coloca\u00e7\u00e3o das lajes, o trabalho prosseguir\u00e1 na conten\u00e7\u00e3o das encostas do viaduto e na conclus\u00e3o do muro, que ap\u00f3s receber pavimenta\u00e7\u00e3o dar\u00e1 acesso ao viaduto.<\/p>\n\n\n\n<p>A Prefeitura assumiu, em 2 de setembro do ano passado, a obra que pertencia ao Governo do Estado e estava parada h\u00e1 anos. Nesta retomada, o primeiro objetivo foi finalizar os dois v\u00e3o que estavam incompletos, com a instala\u00e7\u00e3o de vigas e lajes.&nbsp; O munic\u00edpio tamb\u00e9m est\u00e1 fazendo as pistas de acesso ao viaduto, al\u00e9m da concretagem e conten\u00e7\u00e3o dos dois lados. A via, que ter\u00e1 346,35 metros de comprimento e nove metros de largura, ficar\u00e1 entre os acessos das ruas Ramos de Castro ou Itamogi.<\/p>\n\n\n\n<p>Anunciado em 2004, a obra iria garantir seguran\u00e7a na circula\u00e7\u00e3o de ve\u00edculos sobre a passagem de n\u00edvel da linha f\u00e9rrea. A estrutura deveria ligar a Avenida dos Inconfidentes \u00e0 Avenida Coronel Monteiro de Barros, dando fim \u00e0 travessia de pedestres e ve\u00edculos pela passagem de n\u00edvel. A constru\u00e7\u00e3o do viaduto foi licitada em 2006, &nbsp;mas a empresa vitoriosa n\u00e3o iniciou os trabalhos.<\/p>\n","protected":false},"excerpt":{"rendered":"<p>A obra do Viaduto de Austin entra em mais uma fase neste fim de semana.<\/p>\n","protected":false},"author":2,"featured_media":9395,"comment_status":"open","ping_status":"open","sticky":false,"template":"","format":"standard","meta":{"footnotes":""},"categories":[17],"tags":[],"class_list":["post-9394","post","type-post","status-publish","format-standard","has-post-thumbnail","hentry","category-outras-noticias"],"_links":{"self":[{"href":"https:\/\/tvc16.com\/portal\/wp-json\/wp\/v2\/posts\/9394","targetHints":{"allow":["GET"]}}],"collection":[{"href":"https:\/\/tvc16.com\/portal\/wp-json\/wp\/v2\/posts"}],"about":[{"href":"https:\/\/tvc16.com\/portal\/wp-json\/wp\/v2\/types\/post"}],"author":[{"embeddable":true,"href":"https:\/\/tvc16.com\/portal\/wp-json\/wp\/v2\/users\/2"}],"replies":[{"embeddable":true,"href":"https:\/\/tvc16.com\/portal\/wp-json\/wp\/v2\/comments?post=9394"}],"version-history":[{"count":1,"href":"https:\/\/tvc16.com\/portal\/wp-json\/wp\/v2\/posts\/9394\/revisions"}],"predecessor-version":[{"id":9396,"href":"https:\/\/tvc16.com\/portal\/wp-json\/wp\/v2\/posts\/9394\/revisions\/9396"}],"wp:featuredmedia":[{"embeddable":true,"href":"https:\/\/tvc16.com\/portal\/wp-json\/wp\/v2\/media\/9395"}],"wp:attachment":[{"href":"https:\/\/tvc16.com\/portal\/wp-json\/wp\/v2\/media?parent=9394"}],"wp:term":[{"taxonomy":"category","embeddable":true,"href":"https:\/\/tvc16.com\/portal\/wp-json\/wp\/v2\/categories?post=9394"},{"taxonomy":"post_tag","embeddable":true,"href":"https:\/\/tvc16.com\/portal\/wp-json\/wp\/v2\/tags?post=9394"}],"curies":[{"name":"wp","href":"https:\/\/api.w.org\/{rel}","templated":true}]}}