{"id":9398,"date":"2021-01-09T08:40:02","date_gmt":"2021-01-09T11:40:02","guid":{"rendered":"https:\/\/tvc16.com\/portal\/?p=9398"},"modified":"2021-01-09T08:40:05","modified_gmt":"2021-01-09T11:40:05","slug":"governador-em-exercicio-claudio-castro-estara-em-petropolis-na-proxima-terca-feira-12-regiao-serrana-completa-10-anos-da-tragedia-que-atingiu-as-tres-cidades","status":"publish","type":"post","link":"https:\/\/tvc16.com\/portal\/2021\/01\/09\/governador-em-exercicio-claudio-castro-estara-em-petropolis-na-proxima-terca-feira-12-regiao-serrana-completa-10-anos-da-tragedia-que-atingiu-as-tres-cidades\/","title":{"rendered":"Governador, em exerc\u00edcio, Cl\u00e1udio Castro, estar\u00e1 em Petr\u00f3polis na pr\u00f3xima ter\u00e7a-feira (12). Regi\u00e3o Serrana completa 10 anos da trag\u00e9dia que atingiu as tr\u00eas cidades"},"content":{"rendered":"\n<p>O governador\u00a0sobrevoar\u00e1\u00a0as cidades de\u00a0Petr\u00f3polis, Teres\u00f3polis e Nova Friburgo para vistoriar obras nas \u00e1reas.<\/p>\n\n\n\n<p>Esta semana, o governador decretou a transfer\u00eancia da\u00a0sede do Governo do Estado para a Serra e\u00a0luto oficial\u00a0de domingo at\u00e9 a pr\u00f3xima ter\u00e7a-feira (12), para\u00a0marcar os 10 anos da trag\u00e9dia causada pelas chuvas.\u00a0No domingo, depois de participar de um ato ecum\u00eanico em mem\u00f3ria \u00e0s v\u00edtimas no Cristo Redentor, o governador far\u00e1 o voo sobre as tr\u00eas cidades mais atingidas.<\/p>\n\n\n\n<p><strong>Governo do Estado vai investir mais de R$ 500 milh\u00f5es na Regi\u00e3o Serrana<\/strong><\/p>\n\n\n\n<p><em>A partir deste domingo (10\/01), o governador em exerc\u00edcio vistoria obras e anuncia melhorias nas cidades de Nova Friburgo, Teres\u00f3polis, Petr\u00f3polis e Areal<\/em><em><\/em><\/p>\n\n\n\n<p>O governador em exerc\u00edcio Cl\u00e1udio Castro inicia, neste domingo (10), uma s\u00e9rie de visitas \u00e0 Regi\u00e3o Serrana para vistoriar obras em andamento e anunciar novas interven\u00e7\u00f5es e a\u00e7\u00f5es em Nova Friburgo, Teres\u00f3polis, Petr\u00f3polis e Areal. A previs\u00e3o \u00e9 que sejam investidos mais de R$ 500 milh\u00f5es nas cidades.\u00a0Al\u00e9m disso, o governo vai aplicar R$ 280 milh\u00f5es atrav\u00e9s do Plano de Conting\u00eancia para as Chuvas de Ver\u00e3o, que beneficiar\u00e1 todo o estado.\u00a0<\/p>\n\n\n\n<p>Na pr\u00f3xima ter\u00e7a-feira (12), em Petr\u00f3polis, ser\u00e1 realizada uma cerim\u00f4nia de luto \u00e0s v\u00edtimas das chuvas de 2011. Tamb\u00e9m ser\u00e3o entregues\u00a0cheques do Agrofundo para fam\u00edlias de agricultores da cidade, somando R$ 1 milh\u00e3o. Al\u00e9m disso, o governo anunciar\u00e1 as obras de recapeamento da RJ-134, no trecho entre Pedro do Rio e Posse. Cl\u00e1udio Castro ainda se encontra com empres\u00e1rios locais para estimular o desenvolvimento econ\u00f4mico da regi\u00e3o e inaugura a Casa do Trabalhador.\u00a0<\/p>\n\n\n\n<p>Agenda prevista:<\/p>\n\n\n\n<p><br><strong><u>Ter\u00e7a &#8211; 12\/1 (Petr\u00f3polis)<\/u><\/strong><\/p>\n\n\n\n<p><br><strong>10h30 &#8211; Cerim\u00f4nia de entrega de cheques do Agrofundo para 10 fam\u00edlias da regi\u00e3o; entrega de certificado de parceiro da agropecu\u00e1ria ao aplicativo de vendas JAEEMARKET; e entrega do selo Pet Friendly ao Hotel Le Canton<br><\/strong><br>Local: Parque Municipal de Petr\u00f3polis <br><br><strong>11h30 &#8211; Lan\u00e7amento das obras de recapeamento da RJ-134, de Pedro do Rio a Posse<\/strong><\/p>\n\n\n\n<p><\/p>\n\n\n\n<p>Local: Rodovia RJ-134, Km 14\u00a0<\/p>\n\n\n\n<p><br><strong>15h30 &#8211; Encontro com empres\u00e1rios<br><\/strong><br>Local: Firjan Serrana &#8211; Av. Dom Pedro I, 579 \u2013 Centro<br><strong><br>17h &#8211; Inaugura\u00e7\u00e3o da Casa do Trabalhador<\/strong><\/p>\n\n\n\n<p>Local: Rua Doutor Porci\u00fancula, 75 &#8211; Centro<\/p>\n","protected":false},"excerpt":{"rendered":"<p>O governador\u00a0sobrevoar\u00e1\u00a0as cidades de\u00a0Petr\u00f3polis, Teres\u00f3polis e Nova Friburgo para vistoriar obras nas \u00e1reas. Esta semana,<\/p>\n","protected":false},"author":2,"featured_media":9399,"comment_status":"open","ping_status":"open","sticky":false,"template":"","format":"standard","meta":{"footnotes":""},"categories":[12],"tags":[],"class_list":["post-9398","post","type-post","status-publish","format-standard","has-post-thumbnail","hentry","category-cidade"],"_links":{"self":[{"href":"https:\/\/tvc16.com\/portal\/wp-json\/wp\/v2\/posts\/9398","targetHints":{"allow":["GET"]}}],"collection":[{"href":"https:\/\/tvc16.com\/portal\/wp-json\/wp\/v2\/posts"}],"about":[{"href":"https:\/\/tvc16.com\/portal\/wp-json\/wp\/v2\/types\/post"}],"author":[{"embeddable":true,"href":"https:\/\/tvc16.com\/portal\/wp-json\/wp\/v2\/users\/2"}],"replies":[{"embeddable":true,"href":"https:\/\/tvc16.com\/portal\/wp-json\/wp\/v2\/comments?post=9398"}],"version-history":[{"count":1,"href":"https:\/\/tvc16.com\/portal\/wp-json\/wp\/v2\/posts\/9398\/revisions"}],"predecessor-version":[{"id":9400,"href":"https:\/\/tvc16.com\/portal\/wp-json\/wp\/v2\/posts\/9398\/revisions\/9400"}],"wp:featuredmedia":[{"embeddable":true,"href":"https:\/\/tvc16.com\/portal\/wp-json\/wp\/v2\/media\/9399"}],"wp:attachment":[{"href":"https:\/\/tvc16.com\/portal\/wp-json\/wp\/v2\/media?parent=9398"}],"wp:term":[{"taxonomy":"category","embeddable":true,"href":"https:\/\/tvc16.com\/portal\/wp-json\/wp\/v2\/categories?post=9398"},{"taxonomy":"post_tag","embeddable":true,"href":"https:\/\/tvc16.com\/portal\/wp-json\/wp\/v2\/tags?post=9398"}],"curies":[{"name":"wp","href":"https:\/\/api.w.org\/{rel}","templated":true}]}}