{"id":9401,"date":"2021-01-09T09:25:01","date_gmt":"2021-01-09T12:25:01","guid":{"rendered":"https:\/\/tvc16.com\/portal\/?p=9401"},"modified":"2021-01-09T09:25:04","modified_gmt":"2021-01-09T12:25:04","slug":"covid-19-vacina-do-butantan-atinge-100-de-eficacia-contra-casos-moderados-e-graves-da-doenca","status":"publish","type":"post","link":"https:\/\/tvc16.com\/portal\/2021\/01\/09\/covid-19-vacina-do-butantan-atinge-100-de-eficacia-contra-casos-moderados-e-graves-da-doenca\/","title":{"rendered":"Covid-19: vacina do Butantan atinge 100% de efic\u00e1cia contra casos moderados e graves da doen\u00e7a"},"content":{"rendered":"\n<p>Anvisa j\u00e1 recebeu pedido do Butantan para uso emergencial do imunizante<\/p>\n\n\n\n<p>Vacina contra Covid-19, desenvolvida pelo Instituto Butantan, em parceria com farmac\u00eautica chinesa Sinovac, atinge 100% de efic\u00e1cia contra os casos moderados e graves da doen\u00e7a. Para casos leves, a taxa de efic\u00e1cia ficou em 78%. A informa\u00e7\u00e3o foi divulgada pelo instituto e pelo governo de S\u00e3o Paulo. Os resultados do estudo cl\u00ednico no Brasil foram considerados satisfat\u00f3rios e o Butantan j\u00e1 solicitou \u00e0 Anvisa a autoriza\u00e7\u00e3o tempor\u00e1ria de uso emergencial da Coronavac. Os testes do imunizante no Brasil contaram com a participa\u00e7\u00e3o de 12,4 mil profissionais de sa\u00fade volunt\u00e1rios, em 16 centros de pesquisa.<\/p>\n\n\n\n<p>Confira trecho do v\u00eddeo divulgado pelo <a href=\"https:\/\/www.youtube.com\/watch?app=desktop&amp;v=QFVO1Pp_ZYQ&amp;feature=emb_logo\">Canal Butantan<\/a>, no qual os pesquisadores celebram os resultados.<\/p>\n\n\n\n<figure class=\"wp-block-embed is-type-rich is-provider-incorporar-manipulador wp-block-embed-incorporar-manipulador wp-embed-aspect-16-9 wp-has-aspect-ratio\"><div class=\"wp-block-embed__wrapper\">\n<iframe loading=\"lazy\" title=\"Covid-19: vacina do Butantan atinge 100% de efic\u00e1cia contra casos moderados e graves da doen\u00e7a\" width=\"640\" height=\"360\" src=\"https:\/\/www.youtube.com\/embed\/hPO-Ouh7Eg4?feature=oembed\" frameborder=\"0\" allow=\"accelerometer; autoplay; clipboard-write; encrypted-media; gyroscope; picture-in-picture; web-share\" referrerpolicy=\"strict-origin-when-cross-origin\" allowfullscreen><\/iframe>\n<\/div><\/figure>\n\n\n\n<p>A Ag\u00eancia Nacional de Vigil\u00e2ncia Sanit\u00e1ria informa que vai analisar os documentos da solicita\u00e7\u00e3o e, se necess\u00e1rio, pode pedir informa\u00e7\u00f5es adicionais ao laborat\u00f3rio. O prazo \u00e9 de 10 dias, sem contar o tempo que o processo pode ficar pendente de informa\u00e7\u00f5es. A avalia\u00e7\u00e3o do uso emergencial da vacina \u00e9 feita por uma equipe multidisciplinar, com especialistas em registro, monitoramento e inspe\u00e7\u00e3o.&nbsp;<\/p>\n\n\n\n<p>Na quinta-feira (7), o ministro da Sa\u00fade, Eduardo Pazuello, concedeu entrevista coletiva, na qual falou sobre os investimos do governo federal para aquisi\u00e7\u00e3o de vacinas. \u201cN\u00f3s estamos investindo nas duas maiores linhas de produ\u00e7\u00e3o do Brasil, h\u00e1 meses, que s\u00e3o as linhas da Fiocruz e do Butantan. Estamos hoje na sequ\u00eancia da aquisi\u00e7\u00e3o de doses com o Butantan, fechando contrato que vai a 100 milh\u00f5es de doses \u2013 que \u00e9 o m\u00e1ximo que ele consegue produzir\u201d, afirmou. Al\u00e9m das doses do Butantan, o ministro da Sa\u00fade garantiu a compra de 254 milh\u00f5es de doses produzidas pela Funda\u00e7\u00e3o Oswaldo Cruz, em parceria com a inglesa AstraZeneca.&nbsp;<\/p>\n\n\n\n<p>O ministro tamb\u00e9m falou sobre a <a href=\"http:\/\/www.planalto.gov.br\/ccivil_03\/_Ato2019-2022\/2021\/Mpv\/mpv1026.htm#:~:text=Disp%C3%B5e%20sobre%20as%20medidas%20excepcionais,Vacina%C3%A7%C3%A3o%20contra%20a%20Covid%2D19.\">Medida Provis\u00f3ria 1.062\/21<\/a>, que facilita a aquisi\u00e7\u00e3o de vacinas e insumos contra a Covid-19. \u201cEu s\u00f3 podia fechar o contrato com a MP, que d\u00e1 essa autoriza\u00e7\u00e3o. Ent\u00e3o eu tenho que esperar ficar pronta e registrada, incluir no SUS, e depois pagar. S\u00e3o as leis do nosso Pa\u00eds\u201d. Segundo o ministro Eduardo Pazuello, menos de 24 horas ap\u00f3s a publica\u00e7\u00e3o da MP, o governo federal assinou contrato para entrega das primeiras 46 milh\u00f5es de doses do Butantan, at\u00e9 abril, e de mais&nbsp;54 milh\u00f5es de doses, no decorrer de 2021.&nbsp;<\/p>\n\n\n\n<p>Ele ressalta que, a partir do contrato, todas as vacinas que est\u00e3o no Instituto Butantan ser\u00e3o incorporadas ao Plano Nacional de Imuniza\u00e7\u00e3o (PNI) e ser\u00e3o distribu\u00eddas de forma equitativa e proporcional a todos os estados. \u201cN\u00f3s distribu\u00edmos aos estados; os estados distribuem aos munic\u00edpios, e os munic\u00edpios executam em 38 mil salas de vacina\u00e7\u00e3o prontas\u201d, detalha.<\/p>\n\n\n\n<p>Em rela\u00e7\u00e3o aos insumos, o governo federal divulgou a Resolu\u00e7\u00e3o <a href=\"https:\/\/www.in.gov.br\/en\/web\/dou\/-\/resolucao-gecex-n-144-de-6-de-janeiro-de-2021-297934183\">Gecex 144\/2021<\/a>, que reduz, temporariamente, a zero o Imposto de Importa\u00e7\u00e3o de seringas e agulhas, para facilitar o combate \u00e0 pandemia da Covid-19.&nbsp;<\/p>\n\n\n\n<h2 class=\"wp-block-heading\">Efic\u00e1cia da Coronavac<\/h2>\n\n\n\n<p>A epidemiologista e professora da Universidade Federal do Esp\u00edrito Santo, Ethel Maciel, explica a efic\u00e1cia da Coronavac. \u201cIsso significa que a cada 100 pessoas que tomarem a vacina, 78 n\u00e3o v\u00e3o desenvolver nenhum sinal ou sintoma. E 22% v\u00e3o desenvolver doen\u00e7as mais leves, uma s\u00edndrome gripal, uma dor de cabe\u00e7a ou coriza. Mas 100% vai ter a prote\u00e7\u00e3o contra o desenvolvimento de doen\u00e7a grave\u201d, explica.<\/p>\n\n\n\n<p>Segundo a especialista, assim que as doses come\u00e7arem a serem aplicadas, todas as pessoas do grupo priorit\u00e1rio para vacina\u00e7\u00e3o devem comparecer para tomar o imunizante. Para conter a transmiss\u00e3o do v\u00edrus, \u00e9 preciso que a cobertura vacinal alcance o maior n\u00famero de pessoas poss\u00edvel.<\/p>\n\n\n\n<figure class=\"wp-block-image\"><img decoding=\"async\" src=\"\/\/s3-sa-east-1.amazonaws.com\/agencia-radio-arb\/3440\/content_eficacia-coronavac.png\" alt=\"Arte - Brasil 61\" title=\"Efic\u00e1cia Coronavac - Arte: Brasil 61 - Fonte: Governo de S\u00e3o Paulo e Instituto Butantan\"\/><\/figure>\n\n\n\n<p><strong><a href=\"https:\/\/brasil61.com\/noticias\/ministerio-da-saude-formaliza-compra-de-46-mi-de-doses-da-coronavac-junto-ao-instituto-butantan-bras213314\">Minist\u00e9rio da Sa\u00fade formaliza compra de 46 mi de doses da CoronaVac junto ao Instituto Butantan<\/a><\/strong><\/p>\n\n\n\n<p><strong><a href=\"https:\/\/brasil61.com\/noticias\/covid-19-brasileiros-devem-ser-imunizados-a-partir-de-janeiro-bras213264\">Covid-19: brasileiros devem ser imunizados a partir de janeiro<\/a><\/strong><\/p>\n\n\n\n<p><strong><a href=\"https:\/\/brasil61.com\/noticias\/parceria-entre-butantan-e-fnp-quer-facilitar-compra-da-vacina-contra-covid-19-bras203134\">Parceria entre Butantan e FNP quer facilitar compra da vacina contra covid-19<\/a><\/strong><\/p>\n\n\n\n<h2 class=\"wp-block-heading\">Munic\u00edpios<\/h2>\n\n\n\n<p>A epidemiologista Ethel Maciel explica que o munic\u00edpio pode adquirir vacinas de mais de um laborat\u00f3rio, mas recomenda que a administra\u00e7\u00e3o p\u00fablica siga o Plano Nacional de Imuniza\u00e7\u00e3o (PNI). \u201cO melhor \u00e9 que tudo seja coordenado pelo PNI, para que a gente tenha uma coordena\u00e7\u00e3o centralizada. As prefeituras devem organizar as campanhas em si, como elas v\u00e3o ocorrer em cada cidade\u201d. Ela tamb\u00e9m recomenda que as prefeituras orientem a popula\u00e7\u00e3o sobre poss\u00edveis sintomas adversos da vacina e onde elas devem comparecer, caso isso aconte\u00e7a.<\/p>\n\n\n\n<p>O munic\u00edpio de Mococa, no estado de S\u00e3o Paulo, registra 178 casos de Covid-19, sendo 155 recuperados e 6 \u00f3bitos. Segundo a prefeitura, 5 leitos de UTI e 7 de enfermaria est\u00e3o ocupados por pacientes com a doen\u00e7a. A coordenadora de Vigil\u00e2ncia Epidemiol\u00f3gica do munic\u00edpio, doutora Joanna Barretto Jones, explica que o plano de imuniza\u00e7\u00e3o de Mococa vai seguir as diretrizes do plano estadual.<\/p>\n\n\n\n<p>\u201cN\u00f3s temos 11 unidades com salas de vacina, no munic\u00edpio. Todas elas ficar\u00e3o abertas. Algumas ter\u00e3o o hor\u00e1rio estendido at\u00e9 as 22 horas. N\u00f3s j\u00e1 temos o apoio da Escola de Enfermagem, para vacinar os profissionais do hospital. Depois, quando chegar os idosos, tamb\u00e9m temos esquema de vacina\u00e7\u00e3o em institui\u00e7\u00f5es de longa perman\u00eancia. E vamos usar a experi\u00eancia, com equipes volantes, que v\u00e3o nas casas vacinar os acamados\u201d. De acordo com a coordenadora, a prefeitura de Mococa n\u00e3o vai negociar as doses diretamente com o Instituto Butantan, e sim aguardar as vacinas encaminhadas pelo estado de S\u00e3o Paulo.<\/p>\n\n\n\n<p>Em dezembro, a <a href=\"https:\/\/brasil61.com\/noticias\/parceria-entre-butantan-e-fnp-quer-facilitar-compra-da-vacina-contra-covid-19-bras203134\">Frente Nacional dos Prefeitos<\/a> (FNP) fechou um acordo com o Instituto Butantan para facilitar a compra da vacina. A medida deve beneficiar todas as capitais brasileiras e outros 386 munic\u00edpios, com mais de 80 mil habitantes \u2013 o que representa 61% da popula\u00e7\u00e3o do Pa\u00eds.<\/p>\n\n\n\n<p>A prefeitura de Candeias, na Bahia, j\u00e1 encaminhou um of\u00edcio ao Butantan, com a inten\u00e7\u00e3o de adquirir 51.778 doses da Coronavac. Segundo a prefeitura, esse quantitativo deve atender, inicialmente, aos grupos priorit\u00e1rios definidos pelo risco de evolu\u00e7\u00e3o para quadros graves. A cidade j\u00e1 possui um plano de imuniza\u00e7\u00e3o, que deve ser iniciado pela Cl\u00ednica de Imuniza\u00e7\u00e3o Proteger.<\/p>\n\n\n\n<h2 class=\"wp-block-heading\">Vacina da Fiocruz<\/h2>\n\n\n\n<p>Na sexta-feira (8), a Anvisa tamb\u00e9m recebeu o pedido da Funda\u00e7\u00e3o Oswaldo Cruz para uso emergencial da vacina desenvolvida pela empresa AstraZeneca. A solicita\u00e7\u00e3o da Fiocruz \u00e9 para o uso de 2 milh\u00f5es de doses do imunizante, que deve ser importado do laborat\u00f3rio Serum, na \u00cdndia \u2013 que \u00e9 um dos fabricantes da AstraZeneca.&nbsp;<\/p>\n\n\n\n<p>A Anvisa j\u00e1 iniciou a an\u00e1lise dos documentos e o prazo tamb\u00e9m \u00e9 de 10 dias, assim como para o pedido do Butantan.&nbsp;<\/p>\n\n\n\n<p>Fonte: <a href=\"https:\/\/brasil61.com\/noticias\/covid-19-vacina-do-butantan-atinge-100-de-eficacia-contra-casos-moderados-e-graves-da-doenca-bras213331?email=bethdeoliveira@yahoo.com.br&amp;utm_source=newsletter&amp;utm_medium=newsletter&amp;utm_campaign=newsletter\" target=\"_blank\" rel=\"noreferrer noopener\">Brasil 61<\/a><\/p>\n","protected":false},"excerpt":{"rendered":"<p>Anvisa j\u00e1 recebeu pedido do Butantan para uso emergencial do imunizante Vacina contra Covid-19, desenvolvida<\/p>\n","protected":false},"author":2,"featured_media":9403,"comment_status":"open","ping_status":"open","sticky":false,"template":"","format":"standard","meta":{"footnotes":""},"categories":[17],"tags":[],"class_list":["post-9401","post","type-post","status-publish","format-standard","has-post-thumbnail","hentry","category-outras-noticias"],"_links":{"self":[{"href":"https:\/\/tvc16.com\/portal\/wp-json\/wp\/v2\/posts\/9401","targetHints":{"allow":["GET"]}}],"collection":[{"href":"https:\/\/tvc16.com\/portal\/wp-json\/wp\/v2\/posts"}],"about":[{"href":"https:\/\/tvc16.com\/portal\/wp-json\/wp\/v2\/types\/post"}],"author":[{"embeddable":true,"href":"https:\/\/tvc16.com\/portal\/wp-json\/wp\/v2\/users\/2"}],"replies":[{"embeddable":true,"href":"https:\/\/tvc16.com\/portal\/wp-json\/wp\/v2\/comments?post=9401"}],"version-history":[{"count":1,"href":"https:\/\/tvc16.com\/portal\/wp-json\/wp\/v2\/posts\/9401\/revisions"}],"predecessor-version":[{"id":9404,"href":"https:\/\/tvc16.com\/portal\/wp-json\/wp\/v2\/posts\/9401\/revisions\/9404"}],"wp:featuredmedia":[{"embeddable":true,"href":"https:\/\/tvc16.com\/portal\/wp-json\/wp\/v2\/media\/9403"}],"wp:attachment":[{"href":"https:\/\/tvc16.com\/portal\/wp-json\/wp\/v2\/media?parent=9401"}],"wp:term":[{"taxonomy":"category","embeddable":true,"href":"https:\/\/tvc16.com\/portal\/wp-json\/wp\/v2\/categories?post=9401"},{"taxonomy":"post_tag","embeddable":true,"href":"https:\/\/tvc16.com\/portal\/wp-json\/wp\/v2\/tags?post=9401"}],"curies":[{"name":"wp","href":"https:\/\/api.w.org\/{rel}","templated":true}]}}