{"id":941,"date":"2020-09-22T15:14:32","date_gmt":"2020-09-22T15:14:32","guid":{"rendered":"https:\/\/tvc16.com\/portal\/?p=941"},"modified":"2020-09-22T18:01:10","modified_gmt":"2020-09-22T18:01:10","slug":"14a-primavera-dos-museus-encerra-com-live-sobre-o-projeto-de-jornalista-petropolitana","status":"publish","type":"post","link":"https:\/\/tvc16.com\/portal\/2020\/09\/22\/14a-primavera-dos-museus-encerra-com-live-sobre-o-projeto-de-jornalista-petropolitana\/","title":{"rendered":"14\u00aa Primavera dos Museus encerra com live sobre o projeto de jornalista petropolitana"},"content":{"rendered":"\n<p>Projeto \u201cPetr\u00f3polis Sob Lentes\u201d e acervo do Museu Imperial foi criado pela jornalista Carolina Freitas<\/p>\n\n\n\n<p>Encerrando a programa\u00e7\u00e3o do Museu Imperial para a 14\u00aa Primavera dos Museus, na sexta-feira, 25 de setembro, \u00e0s 16h, Ana Lu\u00edsa Camargo, muse\u00f3loga da institui\u00e7\u00e3o, e a jornalista Carolina Freitas, participar\u00e3o de uma transmiss\u00e3o ao vivo no canal do MIMP no YouTube (youtube.com\/museuimperialvideos). O tema abordado ser\u00e1: \u201cProjeto \u2018Petr\u00f3polis sob lentes\u2019 e o acervo do Museu Imperial\u201d.<\/p>\n\n\n\n<div class=\"wp-block-image\"><figure class=\"alignleft size-medium is-resized\"><img decoding=\"async\" src=\"https:\/\/tvc16.com\/portal\/wp-content\/uploads\/2020\/09\/WhatsApp-Image-2020-09-22-at-12.24.29-225x300.jpeg\" alt=\"\" class=\"wp-image-945\" height=\"350\" srcset=\"https:\/\/tvc16.com\/portal\/wp-content\/uploads\/2020\/09\/WhatsApp-Image-2020-09-22-at-12.24.29-225x300.jpeg 225w, https:\/\/tvc16.com\/portal\/wp-content\/uploads\/2020\/09\/WhatsApp-Image-2020-09-22-at-12.24.29-768x1024.jpeg 768w, https:\/\/tvc16.com\/portal\/wp-content\/uploads\/2020\/09\/WhatsApp-Image-2020-09-22-at-12.24.29.jpeg 960w\" sizes=\"(max-width: 225px) 100vw, 225px\" \/><figcaption>Carolina Freitas &#8211; jornalista <\/figcaption><\/figure><\/div>\n\n\n\n<figure class=\"wp-block-image size-medium is-resized\"><img loading=\"lazy\" decoding=\"async\" src=\"https:\/\/tvc16.com\/portal\/wp-content\/uploads\/2020\/09\/WhatsApp-Image-2020-09-22-at-14.23.59-300x300.jpeg\" alt=\"\" class=\"wp-image-969\" width=\"306\" height=\"306\" srcset=\"https:\/\/tvc16.com\/portal\/wp-content\/uploads\/2020\/09\/WhatsApp-Image-2020-09-22-at-14.23.59-300x300.jpeg 300w, https:\/\/tvc16.com\/portal\/wp-content\/uploads\/2020\/09\/WhatsApp-Image-2020-09-22-at-14.23.59-150x150.jpeg 150w, https:\/\/tvc16.com\/portal\/wp-content\/uploads\/2020\/09\/WhatsApp-Image-2020-09-22-at-14.23.59-768x767.jpeg 768w, https:\/\/tvc16.com\/portal\/wp-content\/uploads\/2020\/09\/WhatsApp-Image-2020-09-22-at-14.23.59.jpeg 952w\" sizes=\"auto, (max-width: 306px) 100vw, 306px\" \/><figcaption>Ana Lu\u00edsa Camargo &#8211; muse\u00f3loga do Museu Imperial<\/figcaption><\/figure>\n\n\n\n<div class=\"wp-block-group\"><div class=\"wp-block-group__inner-container is-layout-flow wp-block-group-is-layout-flow\">\n<p>                                                                                                                                              <\/p>\n\n\n\n<p class=\"has-text-align-left\">\u201cPetr\u00f3polis sob lentes\u201d tem o objetivo de resgatar as mem\u00f3rias e hist\u00f3rias da cidade a partir de depoimentos dos petropolitanos. O projeto, desenvolvido por Carolina Freitas, teve in\u00edcio no jornal impresso, mas vem assumindo outros formatos, como livro, site e, mais recentemente, uma p\u00e1gina no Instagram. Para ilustrar as suas descobertas, a jornalista costuma utilizar fotografias pertencentes ao acervo digital do Museu Imperial. Com 34 anos de servi\u00e7os prestados \u00e0 institui\u00e7\u00e3o, a muse\u00f3loga Ana Lu\u00edsa Camargo, receber\u00e1 Carolina para debater a import\u00e2ncia da preserva\u00e7\u00e3o dos registros fotogr\u00e1ficos de Petr\u00f3polis nos s\u00e9culos XIX e XX, e o interesse do p\u00fablico jovem pela hist\u00f3ria da cidade.<\/p>\n<\/div><\/div>\n\n\n\n<p><strong>14\u00aa Primavera de Museus<\/strong><\/p>\n\n\n\n<p>Entre os dias 21 e 25 de setembro o Museu Imperial participar\u00e1 da 14\u00aa Primavera de Museus. O tema definido pelo Instituto Brasileiro de Museus (Ibram) para edi\u00e7\u00e3o 2020 foi: \u201cMundo Digital: Museus em Transforma\u00e7\u00e3o\u201d. Visto o momento pelo qual passam a sociedade e os museus, devido \u00e0 pandemia causada pelo Covid-19, este ano, em especial, as atividades acontecer\u00e3o em ambiente virtual. O Museu promover\u00e1 uma s\u00e9rie de lives em seu canal no YouTube, al\u00e9m do lan\u00e7amento de conte\u00fados no site da institui\u00e7\u00e3o e no blog da Biblioteca Infantil Rocambole. Para conferir a programa\u00e7\u00e3o completa, basta acessar o site: museuimperial.museus.gov.br<\/p>\n","protected":false},"excerpt":{"rendered":"<p>Projeto \u201cPetr\u00f3polis Sob Lentes\u201d e acervo do Museu Imperial foi criado pela jornalista Carolina Freitas<\/p>\n","protected":false},"author":2,"featured_media":944,"comment_status":"open","ping_status":"open","sticky":false,"template":"","format":"standard","meta":{"footnotes":""},"categories":[12],"tags":[],"class_list":["post-941","post","type-post","status-publish","format-standard","has-post-thumbnail","hentry","category-cidade"],"_links":{"self":[{"href":"https:\/\/tvc16.com\/portal\/wp-json\/wp\/v2\/posts\/941","targetHints":{"allow":["GET"]}}],"collection":[{"href":"https:\/\/tvc16.com\/portal\/wp-json\/wp\/v2\/posts"}],"about":[{"href":"https:\/\/tvc16.com\/portal\/wp-json\/wp\/v2\/types\/post"}],"author":[{"embeddable":true,"href":"https:\/\/tvc16.com\/portal\/wp-json\/wp\/v2\/users\/2"}],"replies":[{"embeddable":true,"href":"https:\/\/tvc16.com\/portal\/wp-json\/wp\/v2\/comments?post=941"}],"version-history":[{"count":15,"href":"https:\/\/tvc16.com\/portal\/wp-json\/wp\/v2\/posts\/941\/revisions"}],"predecessor-version":[{"id":983,"href":"https:\/\/tvc16.com\/portal\/wp-json\/wp\/v2\/posts\/941\/revisions\/983"}],"wp:featuredmedia":[{"embeddable":true,"href":"https:\/\/tvc16.com\/portal\/wp-json\/wp\/v2\/media\/944"}],"wp:attachment":[{"href":"https:\/\/tvc16.com\/portal\/wp-json\/wp\/v2\/media?parent=941"}],"wp:term":[{"taxonomy":"category","embeddable":true,"href":"https:\/\/tvc16.com\/portal\/wp-json\/wp\/v2\/categories?post=941"},{"taxonomy":"post_tag","embeddable":true,"href":"https:\/\/tvc16.com\/portal\/wp-json\/wp\/v2\/tags?post=941"}],"curies":[{"name":"wp","href":"https:\/\/api.w.org\/{rel}","templated":true}]}}