{"id":9415,"date":"2021-01-09T20:16:12","date_gmt":"2021-01-09T23:16:12","guid":{"rendered":"https:\/\/tvc16.com\/portal\/?p=9415"},"modified":"2021-01-09T20:16:15","modified_gmt":"2021-01-09T23:16:15","slug":"ponto-de-apoio-para-pacientes-com-sintomas-de-covid-19-atualmente-montado-em-uma-tenda-ao-lado-da-upa-centro-sera-transferido-na-proxima-quinta-feira-dia-14-para-o-hospital-municipal-nelson-de-sa-e","status":"publish","type":"post","link":"https:\/\/tvc16.com\/portal\/2021\/01\/09\/ponto-de-apoio-para-pacientes-com-sintomas-de-covid-19-atualmente-montado-em-uma-tenda-ao-lado-da-upa-centro-sera-transferido-na-proxima-quinta-feira-dia-14-para-o-hospital-municipal-nelson-de-sa-e\/","title":{"rendered":"Ponto de apoio para pacientes com sintomas de covid-19, atualmente montado em uma tenda ao lado da UPA Centro ser\u00e1 transferido na pr\u00f3xima quinta-feira, dia 14, para o Hospital Municipal Nelson de S\u00e1 Earp (HMNSE)"},"content":{"rendered":"\n<p>O an\u00fancio foi feito pelo prefeito interino Hingo Hammes, que esteve no hospital com o secret\u00e1rio municipal de Sa\u00fade, Aloisio Barbosa, na tarde deste s\u00e1bado (9). Hammes tamb\u00e9m antecipou que a UPA Cascatinha voltar\u00e1 a operar, na mesma data, como UPA Vermelha, exclusiva para interna\u00e7\u00e3o de pacientes com sintomas da doen\u00e7a. As medidas fazem parte da reorganiza\u00e7\u00e3o das portas de entrada da rede municipal de sa\u00fade para garantir um melhor atendimento \u00e0 popula\u00e7\u00e3o e uma melhor infraestrutura \u00e0s equipes de sa\u00fade.<\/p>\n\n\n\n<p>Segundo o secret\u00e1rio municipal de Sa\u00fade, Aloisio Barbosa da Silva Filho, a UPA Cascatinha, que teve toda a parte el\u00e9trica revista recentemente, passar\u00e1 por adequa\u00e7\u00f5es para o pleno funcionamento de 10 leitos de UTI e 10 leitos cl\u00ednicos. Com a mudan\u00e7a, a UPA Centro, que hoje atende exclusivamente pacientes com sintomas de covid-19, voltar\u00e1 a funcionar, j\u00e1 na quinta-feira, ap\u00f3s higieniza\u00e7\u00e3o, como unidade de pronto-atendimento.<\/p>\n\n\n\n<p>\u201cN\u00e3o adianta termos v\u00e1rias portas de entrada sem equipes e infraestrutura adequada para atender a popula\u00e7\u00e3o. Vamos reorganizar, primeiramente, esse atendimento nas UPAs Centro e Cascatinha\u201d, afirmou o prefeito.<\/p>\n\n\n\n<p>Na pr\u00e1tica, pacientes com necessidade de atendimento de urg\u00eancia (n\u00e3o covid) na cidade dever\u00e3o se dirigir \u00e0 UPA Centro, Pronto Socorro Le\u00f4nidas Sampaio (Alto da Serra) e UPA Itaipava. J\u00e1 pacientes com sintomas de covid-19 dever\u00e3o procurar atendimento no Hospital Municipal Nelson de S\u00e1 Earp, que ter\u00e1 um espa\u00e7o no primeiro andar para organizar este fluxo.<\/p>\n\n\n\n<p>\u201cO HMNSE disp\u00f5e de infraestrutura para as equipes e os pacientes. Vamos refor\u00e7ar o quadro de pessoal para garantir que na unidade, que j\u00e1 \u00e9 refer\u00eancia para interna\u00e7\u00e3o de casos de covid-19, a popula\u00e7\u00e3o encontre atendimento adequado\u201d, detalhou o secret\u00e1rio municipal de Sa\u00fade, que voltou a falar sobre a preocupa\u00e7\u00e3o com os casos da doen\u00e7a. \u201cA popula\u00e7\u00e3o precisa se conscientizar de que este \u00e9 um trabalho conjunto. Pe\u00e7o a ajuda de todos: mantenham as medidas de preven\u00e7\u00e3o, utilizando m\u00e1scaras, lavando bem as m\u00e3os, utilizando o \u00e1lcool em gel e mantendo o distanciamento\u201d.<\/p>\n\n\n\n<p>Al\u00e9m do atendimento de refer\u00eancia para covid-19 no HMNSE, os pontos de apoio de Itaipava e de Cascatinha ser\u00e3o mantidos para a realiza\u00e7\u00e3o de exames, com equipes de enfermagem.<\/p>\n\n\n\n<p>\u201cEstamos analisando outras medidas na tentativa de melhorar o fluxo de atendimento e buscando alternativas para ampliar o n\u00famero de leitos para interna\u00e7\u00e3o para pacientes covid e tamb\u00e9m n\u00e3o covid. Toda a ajuda que vier neste momento \u00e9 muito bem-vinda. Estamos buscando solu\u00e7\u00f5es em todos os lados, ouvindo ideias, sugest\u00f5es. Nossa prioridade \u00e9 reestruturar a rede de sa\u00fade, garantindo a popula\u00e7\u00e3o aquilo que \u00e9 direito de todos\u201d, finalizou Hingo Hammes.<\/p>\n","protected":false},"excerpt":{"rendered":"<p>O an\u00fancio foi feito pelo prefeito interino Hingo Hammes, que esteve no hospital com o<\/p>\n","protected":false},"author":2,"featured_media":9416,"comment_status":"open","ping_status":"open","sticky":false,"template":"","format":"standard","meta":{"footnotes":""},"categories":[12],"tags":[],"class_list":["post-9415","post","type-post","status-publish","format-standard","has-post-thumbnail","hentry","category-cidade"],"_links":{"self":[{"href":"https:\/\/tvc16.com\/portal\/wp-json\/wp\/v2\/posts\/9415","targetHints":{"allow":["GET"]}}],"collection":[{"href":"https:\/\/tvc16.com\/portal\/wp-json\/wp\/v2\/posts"}],"about":[{"href":"https:\/\/tvc16.com\/portal\/wp-json\/wp\/v2\/types\/post"}],"author":[{"embeddable":true,"href":"https:\/\/tvc16.com\/portal\/wp-json\/wp\/v2\/users\/2"}],"replies":[{"embeddable":true,"href":"https:\/\/tvc16.com\/portal\/wp-json\/wp\/v2\/comments?post=9415"}],"version-history":[{"count":1,"href":"https:\/\/tvc16.com\/portal\/wp-json\/wp\/v2\/posts\/9415\/revisions"}],"predecessor-version":[{"id":9417,"href":"https:\/\/tvc16.com\/portal\/wp-json\/wp\/v2\/posts\/9415\/revisions\/9417"}],"wp:featuredmedia":[{"embeddable":true,"href":"https:\/\/tvc16.com\/portal\/wp-json\/wp\/v2\/media\/9416"}],"wp:attachment":[{"href":"https:\/\/tvc16.com\/portal\/wp-json\/wp\/v2\/media?parent=9415"}],"wp:term":[{"taxonomy":"category","embeddable":true,"href":"https:\/\/tvc16.com\/portal\/wp-json\/wp\/v2\/categories?post=9415"},{"taxonomy":"post_tag","embeddable":true,"href":"https:\/\/tvc16.com\/portal\/wp-json\/wp\/v2\/tags?post=9415"}],"curies":[{"name":"wp","href":"https:\/\/api.w.org\/{rel}","templated":true}]}}