{"id":9453,"date":"2021-01-11T00:19:47","date_gmt":"2021-01-11T03:19:47","guid":{"rendered":"https:\/\/tvc16.com\/portal\/?p=9453"},"modified":"2021-01-11T00:24:08","modified_gmt":"2021-01-11T03:24:08","slug":"em-teresopolis-governador-em-exercicio-se-reune-com-moradores-e-prefeitos-da-regiao-serrana","status":"publish","type":"post","link":"https:\/\/tvc16.com\/portal\/2021\/01\/11\/em-teresopolis-governador-em-exercicio-se-reune-com-moradores-e-prefeitos-da-regiao-serrana\/","title":{"rendered":"Em Teres\u00f3polis, governador em exerc\u00edcio se re\u00fane com moradores e prefeitos da Regi\u00e3o Serrana. Cl\u00e1udio Castro tamb\u00e9m anuncia investimentos para a regi\u00e3o"},"content":{"rendered":"\n<p><br><\/p>\n\n\n\n<p>O governador em exerc\u00edcio Cl\u00e1udio Castro se re\u00fane, nesta segunda-feira (11\/01), em Teres\u00f3polis, com representantes de associa\u00e7\u00f5es de moradores da regi\u00e3o e s\u00edndicos do Conjunto Habitacional Fazenda Ermitage. Em seguida, visita bairros mais atingidos pelas chuvas de 2011. Al\u00e9m disso, Castro anuncia o programa Limpa Rio na cidade e participa do lan\u00e7amento da pedra fundamental do monumento em homenagem \u00e0s fam\u00edlias das v\u00edtimas da trag\u00e9dia. \u00c0 tarde, o governador realiza um f\u00f3rum com prefeitos, secret\u00e1rios estaduais e municipais. \u00c0s 17h, ele concede entrevista coletiva \u00e0 imprensa para apresentar um balan\u00e7o desses dois primeiros dias de trabalhos na Regi\u00e3o Serrana.<\/p>\n\n\n\n<p>Todas as informa\u00e7\u00f5es e conte\u00fados para divulga\u00e7\u00e3o (releases, fotos, v\u00eddeos e \u00e1udios de entrevistas) est\u00e3o sendo atualizados em tempo real e disponibilizados para download no link: em &nbsp;<a rel=\"noreferrer noopener\" target=\"_blank\" href=\"http:\/\/bit.ly\/GovRJnaSerra\">http:\/\/bit.ly\/GovRJnaSerra<\/a>.<\/p>\n\n\n\n<p><strong>Agendas:<br><br>Segunda &#8211; 11\/1 (Teres\u00f3polis)<br><\/strong><br><strong>9h &#8211;<\/strong>&nbsp;Caf\u00e9 da manh\u00e3 com associa\u00e7\u00f5es de moradores e s\u00edndicos do conjunto habitacional Fazenda Ermitage. Em seguida, visita aos bairros da Posse, Campo Grande e ponte da Barra do Imbu\u00ed<\/p>\n\n\n\n<p><strong>Local:<\/strong>&nbsp;Capela Bom Jesus &#8211; Rua \u00c1lvaro Alvim, s\/n\u00b0 &#8211; Granja Florestal.<\/p>\n\n\n\n<p><strong>11h &#8211;<\/strong>&nbsp;Lan\u00e7amento da pedra fundamental do monumento em homenagem \u00e0s fam\u00edlias das v\u00edtimas<\/p>\n\n\n\n<p><strong>Local:<\/strong>&nbsp;Parque Sudantex &#8211; Rua Nilza Chiapeta Fadigas, 150 \u2013 V\u00e1rzea.<\/p>\n\n\n\n<p><strong>12h &#8211;<\/strong>&nbsp;Lan\u00e7amento do programa Limpa Rio<\/p>\n\n\n\n<p><strong>Local:<\/strong>&nbsp;Parque Sudantex &#8211; R. Nilza Chiapeta Fadigas, 150 \u2013 V\u00e1rzea.<\/p>\n\n\n\n<p><em>*O governador conceder\u00e1 entrevista no final do evento.<\/em><\/p>\n\n\n\n<p><strong>14h30 &#8211;<\/strong>&nbsp;F\u00f3rum com prefeitos e secret\u00e1rios estaduais e da Regi\u00e3o Serrana<\/p>\n\n\n\n<p><strong>Locais:<\/strong>&nbsp;Hotel Alpina e Golf Club &#8211; Rua Candido Portinari, 837 &#8211; Bairro do Golf.<\/p>\n\n\n\n<p><strong>17h &#8211;<\/strong>&nbsp;Coletiva de imprensa &#8211; Balan\u00e7o sobre os trabalhos na Regi\u00e3o Serrana<\/p>\n\n\n\n<p><strong>Local:<\/strong>&nbsp;Hotel Alpina &#8211; Rua Candido Portinari, 837 &#8211; Bairro do Golf.<\/p>\n\n\n\n<p><strong>18h &#8211;<\/strong>&nbsp;Cerim\u00f4nia em homenagem aos profissionais e cidad\u00e3os que se dedicaram no enfrentamento \u00e0 trag\u00e9dia<\/p>\n\n\n\n<p><strong>Local:<\/strong>&nbsp;Quartel do Corpo de Bombeiros &#8211; Rua Guandu, 680 \u2013 Pimenteira.<\/p>\n","protected":false},"excerpt":{"rendered":"<p>O governador em exerc\u00edcio Cl\u00e1udio Castro se re\u00fane, nesta segunda-feira (11\/01), em Teres\u00f3polis, com representantes<\/p>\n","protected":false},"author":2,"featured_media":9457,"comment_status":"open","ping_status":"open","sticky":false,"template":"","format":"standard","meta":{"footnotes":""},"categories":[17],"tags":[],"class_list":["post-9453","post","type-post","status-publish","format-standard","has-post-thumbnail","hentry","category-outras-noticias"],"_links":{"self":[{"href":"https:\/\/tvc16.com\/portal\/wp-json\/wp\/v2\/posts\/9453","targetHints":{"allow":["GET"]}}],"collection":[{"href":"https:\/\/tvc16.com\/portal\/wp-json\/wp\/v2\/posts"}],"about":[{"href":"https:\/\/tvc16.com\/portal\/wp-json\/wp\/v2\/types\/post"}],"author":[{"embeddable":true,"href":"https:\/\/tvc16.com\/portal\/wp-json\/wp\/v2\/users\/2"}],"replies":[{"embeddable":true,"href":"https:\/\/tvc16.com\/portal\/wp-json\/wp\/v2\/comments?post=9453"}],"version-history":[{"count":2,"href":"https:\/\/tvc16.com\/portal\/wp-json\/wp\/v2\/posts\/9453\/revisions"}],"predecessor-version":[{"id":9458,"href":"https:\/\/tvc16.com\/portal\/wp-json\/wp\/v2\/posts\/9453\/revisions\/9458"}],"wp:featuredmedia":[{"embeddable":true,"href":"https:\/\/tvc16.com\/portal\/wp-json\/wp\/v2\/media\/9457"}],"wp:attachment":[{"href":"https:\/\/tvc16.com\/portal\/wp-json\/wp\/v2\/media?parent=9453"}],"wp:term":[{"taxonomy":"category","embeddable":true,"href":"https:\/\/tvc16.com\/portal\/wp-json\/wp\/v2\/categories?post=9453"},{"taxonomy":"post_tag","embeddable":true,"href":"https:\/\/tvc16.com\/portal\/wp-json\/wp\/v2\/tags?post=9453"}],"curies":[{"name":"wp","href":"https:\/\/api.w.org\/{rel}","templated":true}]}}