{"id":9468,"date":"2021-01-11T08:24:43","date_gmt":"2021-01-11T11:24:43","guid":{"rendered":"https:\/\/tvc16.com\/portal\/?p=9468"},"modified":"2021-01-11T08:24:45","modified_gmt":"2021-01-11T11:24:45","slug":"noticias-do-dia-estreia-na-proxima-semana-trazendo-novidades-para-a-programacao","status":"publish","type":"post","link":"https:\/\/tvc16.com\/portal\/2021\/01\/11\/noticias-do-dia-estreia-na-proxima-semana-trazendo-novidades-para-a-programacao\/","title":{"rendered":"Not\u00edcias do Dia estreia na pr\u00f3xima semana trazendo novidades para a programa\u00e7\u00e3o"},"content":{"rendered":"\n<p><\/p>\n\n\n\n<p>No pr\u00f3ximo dia 18, estreia na TV Cidade de Petr\u00f3polis, o &#8220;Not\u00edcias do Dia&#8221;. Um programa com informa\u00e7\u00f5es e not\u00edcias trazendo os fatos mais relevantes de Petr\u00f3polis e Regi\u00e3o Serrana. Um novo formato de notici\u00e1rio, com a mesma credibilidade e confian\u00e7a da emissora. Apresentado por um time de jornalistas. A atra\u00e7\u00e3o vai ao ar, de segunda \u00e0 sexta-feira, \u00e0s 18h30, com reapresenta\u00e7\u00e3o \u00e0s 22h.<br>As jornalistas Thaciana Ferrante, Beth Oliveira e Luana Motta apresentam, todos os dias, os principais fatos do estado e pa\u00eds que influenciam a nossa cidade. Not\u00edcias, curiosidades, servi\u00e7o \u00e0 popula\u00e7\u00e3o, entrevistas e entretenimento pensando sempre em voc\u00ea, cidad\u00e3o, que quer estar sempre bem informado.<\/p>\n\n\n\n<figure class=\"wp-block-image size-large\"><img loading=\"lazy\" decoding=\"async\" width=\"1024\" height=\"444\" src=\"https:\/\/tvc16.com\/portal\/wp-content\/uploads\/2021\/01\/IMG-20210110-WA0069-1024x444.jpg\" alt=\"\" class=\"wp-image-9470\" srcset=\"https:\/\/tvc16.com\/portal\/wp-content\/uploads\/2021\/01\/IMG-20210110-WA0069-1024x444.jpg 1024w, https:\/\/tvc16.com\/portal\/wp-content\/uploads\/2021\/01\/IMG-20210110-WA0069-300x130.jpg 300w, https:\/\/tvc16.com\/portal\/wp-content\/uploads\/2021\/01\/IMG-20210110-WA0069-768x333.jpg 768w, https:\/\/tvc16.com\/portal\/wp-content\/uploads\/2021\/01\/IMG-20210110-WA0069.jpg 1280w\" sizes=\"auto, (max-width: 1024px) 100vw, 1024px\" \/><\/figure>\n","protected":false},"excerpt":{"rendered":"<p>No pr\u00f3ximo dia 18, estreia na TV Cidade de Petr\u00f3polis, o &#8220;Not\u00edcias do Dia&#8221;. Um<\/p>\n","protected":false},"author":2,"featured_media":9469,"comment_status":"open","ping_status":"open","sticky":false,"template":"","format":"standard","meta":{"footnotes":""},"categories":[12],"tags":[],"class_list":["post-9468","post","type-post","status-publish","format-standard","has-post-thumbnail","hentry","category-cidade"],"_links":{"self":[{"href":"https:\/\/tvc16.com\/portal\/wp-json\/wp\/v2\/posts\/9468","targetHints":{"allow":["GET"]}}],"collection":[{"href":"https:\/\/tvc16.com\/portal\/wp-json\/wp\/v2\/posts"}],"about":[{"href":"https:\/\/tvc16.com\/portal\/wp-json\/wp\/v2\/types\/post"}],"author":[{"embeddable":true,"href":"https:\/\/tvc16.com\/portal\/wp-json\/wp\/v2\/users\/2"}],"replies":[{"embeddable":true,"href":"https:\/\/tvc16.com\/portal\/wp-json\/wp\/v2\/comments?post=9468"}],"version-history":[{"count":1,"href":"https:\/\/tvc16.com\/portal\/wp-json\/wp\/v2\/posts\/9468\/revisions"}],"predecessor-version":[{"id":9471,"href":"https:\/\/tvc16.com\/portal\/wp-json\/wp\/v2\/posts\/9468\/revisions\/9471"}],"wp:featuredmedia":[{"embeddable":true,"href":"https:\/\/tvc16.com\/portal\/wp-json\/wp\/v2\/media\/9469"}],"wp:attachment":[{"href":"https:\/\/tvc16.com\/portal\/wp-json\/wp\/v2\/media?parent=9468"}],"wp:term":[{"taxonomy":"category","embeddable":true,"href":"https:\/\/tvc16.com\/portal\/wp-json\/wp\/v2\/categories?post=9468"},{"taxonomy":"post_tag","embeddable":true,"href":"https:\/\/tvc16.com\/portal\/wp-json\/wp\/v2\/tags?post=9468"}],"curies":[{"name":"wp","href":"https:\/\/api.w.org\/{rel}","templated":true}]}}