{"id":9472,"date":"2021-01-11T10:04:15","date_gmt":"2021-01-11T13:04:15","guid":{"rendered":"https:\/\/tvc16.com\/portal\/?p=9472"},"modified":"2021-01-11T10:04:19","modified_gmt":"2021-01-11T13:04:19","slug":"prefeitura-de-tres-rios-decreta-estado-de-calamidade-no-municipio-apos-as-fortes-chuvas-deste-domingo-10","status":"publish","type":"post","link":"https:\/\/tvc16.com\/portal\/2021\/01\/11\/prefeitura-de-tres-rios-decreta-estado-de-calamidade-no-municipio-apos-as-fortes-chuvas-deste-domingo-10\/","title":{"rendered":"Prefeitura de Tr\u00eas Rios decreta estado de calamidade no munic\u00edpio ap\u00f3s as fortes chuvas deste domingo (10)"},"content":{"rendered":"\n<p>Chuvas: crian\u00e7a morre levada pela correnteza<\/p>\n\n\n\n<p>O munic\u00edpio est\u00e1 em luto. Ap\u00f3s as fortes chuvas deste domingo (10), a morte de uma crian\u00e7a no bairro Purys, entre outras trag\u00e9dias, deixou a popula\u00e7\u00e3o enlutada. De acordo com a Defesa Civil, em apenas 4 horas, choveu quase a metade da m\u00e9dia prevista para todo o m\u00eas de janeiro.<\/p>\n\n\n\n<p>Na noite de ontem o prefeito Joa realizou uma reuni\u00e3o emergencial, na Par\u00f3quia S\u00e3o Sebasti\u00e3o, com a Comiss\u00e3o de Defesa Civil de Tr\u00eas Rios, que contou com a presen\u00e7a do vice-prefeito da cidade, professor Jacqueson, e toda a equipe de secretariado onde foi discutido um plano de a\u00e7\u00e3o para dar assist\u00eancia \u00e0s pessoas atingidas, al\u00e9m de estabelecer estrat\u00e9gias para diminuir o impacto causado pelo temporal.<\/p>\n\n\n\n<figure class=\"wp-block-image size-large\"><img loading=\"lazy\" decoding=\"async\" width=\"1000\" height=\"553\" src=\"https:\/\/tvc16.com\/portal\/wp-content\/uploads\/2021\/01\/20210111_095725.jpg\" alt=\"\" class=\"wp-image-9473\" srcset=\"https:\/\/tvc16.com\/portal\/wp-content\/uploads\/2021\/01\/20210111_095725.jpg 1000w, https:\/\/tvc16.com\/portal\/wp-content\/uploads\/2021\/01\/20210111_095725-300x166.jpg 300w, https:\/\/tvc16.com\/portal\/wp-content\/uploads\/2021\/01\/20210111_095725-768x425.jpg 768w\" sizes=\"auto, (max-width: 1000px) 100vw, 1000px\" \/><figcaption>Prefeito Joa (Joacir Barbaglio)<\/figcaption><\/figure>\n\n\n\n<p>Quem quiser realizar doa\u00e7\u00f5es \u00e0s fam\u00edlias que perderam tudo, podem procurar a Par\u00f3quia S\u00e3o Sebasti\u00e3o. O p\u00e1roco, Rafael Plato, colocou o local \u00e0 disposi\u00e7\u00e3o para o recebimento de donativos.<\/p>\n","protected":false},"excerpt":{"rendered":"<p>Chuvas: crian\u00e7a morre levada pela correnteza O munic\u00edpio est\u00e1 em luto. Ap\u00f3s as fortes chuvas<\/p>\n","protected":false},"author":2,"featured_media":9474,"comment_status":"open","ping_status":"open","sticky":false,"template":"","format":"standard","meta":{"footnotes":""},"categories":[17],"tags":[],"class_list":["post-9472","post","type-post","status-publish","format-standard","has-post-thumbnail","hentry","category-outras-noticias"],"_links":{"self":[{"href":"https:\/\/tvc16.com\/portal\/wp-json\/wp\/v2\/posts\/9472","targetHints":{"allow":["GET"]}}],"collection":[{"href":"https:\/\/tvc16.com\/portal\/wp-json\/wp\/v2\/posts"}],"about":[{"href":"https:\/\/tvc16.com\/portal\/wp-json\/wp\/v2\/types\/post"}],"author":[{"embeddable":true,"href":"https:\/\/tvc16.com\/portal\/wp-json\/wp\/v2\/users\/2"}],"replies":[{"embeddable":true,"href":"https:\/\/tvc16.com\/portal\/wp-json\/wp\/v2\/comments?post=9472"}],"version-history":[{"count":1,"href":"https:\/\/tvc16.com\/portal\/wp-json\/wp\/v2\/posts\/9472\/revisions"}],"predecessor-version":[{"id":9475,"href":"https:\/\/tvc16.com\/portal\/wp-json\/wp\/v2\/posts\/9472\/revisions\/9475"}],"wp:featuredmedia":[{"embeddable":true,"href":"https:\/\/tvc16.com\/portal\/wp-json\/wp\/v2\/media\/9474"}],"wp:attachment":[{"href":"https:\/\/tvc16.com\/portal\/wp-json\/wp\/v2\/media?parent=9472"}],"wp:term":[{"taxonomy":"category","embeddable":true,"href":"https:\/\/tvc16.com\/portal\/wp-json\/wp\/v2\/categories?post=9472"},{"taxonomy":"post_tag","embeddable":true,"href":"https:\/\/tvc16.com\/portal\/wp-json\/wp\/v2\/tags?post=9472"}],"curies":[{"name":"wp","href":"https:\/\/api.w.org\/{rel}","templated":true}]}}