{"id":9479,"date":"2021-01-11T16:13:40","date_gmt":"2021-01-11T19:13:40","guid":{"rendered":"https:\/\/tvc16.com\/portal\/?p=9479"},"modified":"2021-01-11T16:13:44","modified_gmt":"2021-01-11T19:13:44","slug":"governador-em-exercicio-se-reune-com-moradores-de-teresopolis-e-anuncia-r-135-milhoes-em-obras-de-contencao-na-serra","status":"publish","type":"post","link":"https:\/\/tvc16.com\/portal\/2021\/01\/11\/governador-em-exercicio-se-reune-com-moradores-de-teresopolis-e-anuncia-r-135-milhoes-em-obras-de-contencao-na-serra\/","title":{"rendered":"Governador em exerc\u00edcio se re\u00fane com moradores de Teres\u00f3polis e anuncia R$ 135 milh\u00f5es em obras de conten\u00e7\u00e3o na Serra"},"content":{"rendered":"\n<p><em>Castro ainda participou de lan\u00e7amento de a\u00e7\u00e3o de limpeza de rios e visitou obras, nesta segunda-feira (11\/1)<\/em>\u00a0Durante reuni\u00e3o com representantes de associa\u00e7\u00f5es de moradores de bairros de Teres\u00f3polis, o governador em exerc\u00edcio, Cl\u00e1udio Castro, afirmou que o Governo do Estado vai investir cerca de R$ 135 milh\u00f5es em obras de conten\u00e7\u00e3o de encostas na Regi\u00e3o Serrana. Ap\u00f3s ouvir as principais demandas dos moradores, na manh\u00e3 desta segunda-feira (11\/1), Castro visitou as obras no bairro Salaco, em Teres\u00f3polis, e ainda participou do lan\u00e7amento das a\u00e7\u00f5es de limpeza e desassoreamento dos rios Paquequer, Pr\u00edncipe e C\u00f3rrego Imbu\u00ed, que fazem parte do Projeto Limpa Rio.<\/p>\n\n\n\n<p><\/p>\n\n\n\n<figure class=\"wp-block-image size-large\"><img loading=\"lazy\" decoding=\"async\" width=\"1024\" height=\"682\" src=\"https:\/\/tvc16.com\/portal\/wp-content\/uploads\/2021\/01\/11-01-2021-Claudio-Castro-visita-bairros-da-Posse-Campo-Grande-e-Ponte-da-Barra-do-Imbui-_-ROGERIO-SANTANA-4-1024x682.jpg\" alt=\"\" class=\"wp-image-9480\" srcset=\"https:\/\/tvc16.com\/portal\/wp-content\/uploads\/2021\/01\/11-01-2021-Claudio-Castro-visita-bairros-da-Posse-Campo-Grande-e-Ponte-da-Barra-do-Imbui-_-ROGERIO-SANTANA-4-1024x682.jpg 1024w, https:\/\/tvc16.com\/portal\/wp-content\/uploads\/2021\/01\/11-01-2021-Claudio-Castro-visita-bairros-da-Posse-Campo-Grande-e-Ponte-da-Barra-do-Imbui-_-ROGERIO-SANTANA-4-300x200.jpg 300w, https:\/\/tvc16.com\/portal\/wp-content\/uploads\/2021\/01\/11-01-2021-Claudio-Castro-visita-bairros-da-Posse-Campo-Grande-e-Ponte-da-Barra-do-Imbui-_-ROGERIO-SANTANA-4-768x512.jpg 768w, https:\/\/tvc16.com\/portal\/wp-content\/uploads\/2021\/01\/11-01-2021-Claudio-Castro-visita-bairros-da-Posse-Campo-Grande-e-Ponte-da-Barra-do-Imbui-_-ROGERIO-SANTANA-4-900x600.jpg 900w, https:\/\/tvc16.com\/portal\/wp-content\/uploads\/2021\/01\/11-01-2021-Claudio-Castro-visita-bairros-da-Posse-Campo-Grande-e-Ponte-da-Barra-do-Imbui-_-ROGERIO-SANTANA-4.jpg 1276w\" sizes=\"auto, (max-width: 1024px) 100vw, 1024px\" \/><figcaption>Teres\u00f3polis &#8211; RJ &#8211; Governador em exerc\u00edcio Claudio Castro, faz Visita aos bairros da Posse, Campo Grande e Ponte da Barra do Imbu\u00ed. Foto: Rog\u00e9rio Santana<\/figcaption><\/figure>\n\n\n\n<p><br><br>O governador em exerc\u00edcio ainda anunciou a duplica\u00e7\u00e3o da ponte do Imbu\u00ed, que vai melhorar o acesso aos bairros da Posse e Caleme, em Teres\u00f3polis. A obra, que tamb\u00e9m vai evitar o represamento das \u00e1guas do rio, tem previs\u00e3o de investimento de R$ 2,1 milh\u00f5es.<br><br>&#8211; Estamos prevenindo novos desastres e garantindo a seguran\u00e7a dos moradores da Serra com obras em locais onde h\u00e1 risco de desmoronamento. Outras interven\u00e7\u00f5es ser\u00e3o refor\u00e7adas por meio do Plano de Conting\u00eancia para as Chuvas de Ver\u00e3o, que atender\u00e1 todo o estado com a\u00e7\u00f5es integradas das secretarias estaduais &#8211; afirmou Castro.<br><br>No total, ser\u00e3o realizadas 10 interven\u00e7\u00f5es em encostas. Em Teres\u00f3polis, al\u00e9m do bairro Salaco, h\u00e1 obras previstas no Jardim F\u00e9o e Caleme II. No munic\u00edpio de Nova Friburgo, s\u00e3o sete conten\u00e7\u00f5es, sendo duas em andamento nos bairros Jardim Calif\u00f3rnia e Rui Sanglard e outras previstas em Jardinl\u00e2ndia II, Duas Pedras\/Lazareto, Vila Nova, Floresta e Tingly.<br><br>Durante o encontro com os moradores, o governador em exerc\u00edcio destacou que o Estado realizar\u00e1 obras de complementa\u00e7\u00e3o da infraestrutura externa do conjunto habitacional Fazenda Ermitage, que tamb\u00e9m receber\u00e1 adequa\u00e7\u00e3o e amplia\u00e7\u00e3o da Esta\u00e7\u00e3o de Tratamento de Esgoto (ETE), al\u00e9m de uma creche.<br><br>&#8211; No encontro com os 23 representantes de associa\u00e7\u00e3o de moradores e v\u00edtimas da trag\u00e9dia, pude ter um panorama das principais necessidades. Viemos aqui para ouvir a popula\u00e7\u00e3o e tamb\u00e9m anunciar o trabalho para garantir a seguran\u00e7a de todos, principalmente durante esse per\u00edodo de chuvas de ver\u00e3o &#8211; explicou o governador em exerc\u00edcio, que se comprometeu em criar uma comiss\u00e3o fiscalizadora das obras em andamento nas cidades.<br><br><strong>Pr\u00e9dio demolido<br><\/strong><br>Castro ainda deu in\u00edcio simb\u00f3lico \u00e0 demoli\u00e7\u00e3o de um pr\u00e9dio no bairro da Posse, em Teres\u00f3polis. No lugar do edif\u00edcio, ser\u00e1 constru\u00eddo um reservat\u00f3rio para as \u00e1guas das chuvas<\/p>\n","protected":false},"excerpt":{"rendered":"<p>Castro ainda participou de lan\u00e7amento de a\u00e7\u00e3o de limpeza de rios e visitou obras, nesta<\/p>\n","protected":false},"author":2,"featured_media":9481,"comment_status":"open","ping_status":"open","sticky":false,"template":"","format":"standard","meta":{"footnotes":""},"categories":[17],"tags":[],"class_list":["post-9479","post","type-post","status-publish","format-standard","has-post-thumbnail","hentry","category-outras-noticias"],"_links":{"self":[{"href":"https:\/\/tvc16.com\/portal\/wp-json\/wp\/v2\/posts\/9479","targetHints":{"allow":["GET"]}}],"collection":[{"href":"https:\/\/tvc16.com\/portal\/wp-json\/wp\/v2\/posts"}],"about":[{"href":"https:\/\/tvc16.com\/portal\/wp-json\/wp\/v2\/types\/post"}],"author":[{"embeddable":true,"href":"https:\/\/tvc16.com\/portal\/wp-json\/wp\/v2\/users\/2"}],"replies":[{"embeddable":true,"href":"https:\/\/tvc16.com\/portal\/wp-json\/wp\/v2\/comments?post=9479"}],"version-history":[{"count":1,"href":"https:\/\/tvc16.com\/portal\/wp-json\/wp\/v2\/posts\/9479\/revisions"}],"predecessor-version":[{"id":9482,"href":"https:\/\/tvc16.com\/portal\/wp-json\/wp\/v2\/posts\/9479\/revisions\/9482"}],"wp:featuredmedia":[{"embeddable":true,"href":"https:\/\/tvc16.com\/portal\/wp-json\/wp\/v2\/media\/9481"}],"wp:attachment":[{"href":"https:\/\/tvc16.com\/portal\/wp-json\/wp\/v2\/media?parent=9479"}],"wp:term":[{"taxonomy":"category","embeddable":true,"href":"https:\/\/tvc16.com\/portal\/wp-json\/wp\/v2\/categories?post=9479"},{"taxonomy":"post_tag","embeddable":true,"href":"https:\/\/tvc16.com\/portal\/wp-json\/wp\/v2\/tags?post=9479"}],"curies":[{"name":"wp","href":"https:\/\/api.w.org\/{rel}","templated":true}]}}