{"id":9483,"date":"2021-01-11T20:50:10","date_gmt":"2021-01-11T23:50:10","guid":{"rendered":"https:\/\/tvc16.com\/portal\/?p=9483"},"modified":"2021-01-11T21:33:43","modified_gmt":"2021-01-12T00:33:43","slug":"em-petropolis-o-governador-em-exercicio-claudio-castro-participa-da-cerimonia-de-luto-em-memoria-as-vitimas-das-chuvas-de-2011-nesta-madrugada","status":"publish","type":"post","link":"https:\/\/tvc16.com\/portal\/2021\/01\/11\/em-petropolis-o-governador-em-exercicio-claudio-castro-participa-da-cerimonia-de-luto-em-memoria-as-vitimas-das-chuvas-de-2011-nesta-madrugada\/","title":{"rendered":"Em Petr\u00f3polis, o governador em exerc\u00edcio, Cl\u00e1udio Castro, participa da cerim\u00f4nia de luto em mem\u00f3ria \u00e0s v\u00edtimas, das chuvas de 2011, nesta madrugada"},"content":{"rendered":"\n<p>\u00c0 0h desta segunda-feira (11) para ter\u00e7a-feira (12), haver\u00e1 uma cerim\u00f4nia de luto em mem\u00f3ria \u00e0s v\u00edtimas do desastre, no quartel dos Bombeiros de Petr\u00f3polis. Ter\u00e1 um toque de sil\u00eancio, o que simbolizar\u00e1 a homenagem aos militares que n\u00e3o retornaram aos respectivos quart\u00e9is e foram tombados em servi\u00e7o. Esta mesma cerim\u00f4nia vai acontecer em todas as unidades do CBMERJ, tamb\u00e9m \u00e0 meia-noite. Ao todo, cinco bombeiros militares fluminenses morreram na trag\u00e9dia de 2011.<\/p>\n\n\n\n<p>O governador em exerc\u00edcio Cl\u00e1udio Castro entregar\u00e1 a dez fam\u00edlias de Petr\u00f3polis os cheques simb\u00f3licos do programa \u2018Agrofundo\u2019, da Secretaria de Estado de&nbsp;Agricultura, Pecu\u00e1ria, Pesca e Abastecimento. Na mesma ocasi\u00e3o, o hotel Le Canton, representando a rede hoteleira da Serra Fluminense, receber\u00e1&nbsp;o selo Pet Friendly.<\/p>\n\n\n\n<p>\u00c0 tarde, o governador se re\u00fane com representantes da Firjan-Serrana e empres\u00e1rios locais, anuncia obras de recapeamento da RJ-134 e, ainda, inaugura a segunda Casa do Trabalhador da regi\u00e3o, desta vez em Petr\u00f3polis.<\/p>\n\n\n\n<p><strong>Agendas:<\/strong><\/p>\n\n\n\n<p><strong><u>Petr\u00f3polis \u2013 madrugada de 11 para 12 de janeiro<\/u><\/strong><\/p>\n\n\n\n<p><strong>0h &#8211; Cerim\u00f4nia de luto em homenagem \u00e0s v\u00edtimas da trag\u00e9dia<\/strong><\/p>\n\n\n\n<p><strong>Local<\/strong>: Quartel do Corpo de Bombeiro de Petr\u00f3polis (Avenida Bar\u00e3o do Rio Branco, 1957 &#8211; bairro do Retiro).<\/p>\n\n\n\n<p><strong><u>Areal \u2013 12 de janeiro<\/u><\/strong><\/p>\n\n\n\n<p><strong>9h- Visita ao conjunto habitacional Granja Disco para lan\u00e7amento da<\/strong>&nbsp;<strong>licita\u00e7\u00e3o da<\/strong>&nbsp;<strong>ETE, reservat\u00f3rio de \u00e1gua e acesso vi\u00e1rio ao conjunto<\/strong><\/p>\n\n\n\n<p><strong>Local<\/strong>: Manuel Martins Junior, S\/N &#8211; Centro de Areal.<\/p>\n\n\n\n<p><strong><u>Petr\u00f3polis \u2013 12 de janeiro<\/u><\/strong><\/p>\n\n\n\n<p><strong>10h30 &#8211; Cerim\u00f4nia de entrega de cheques do Agrofundo para 10 fam\u00edlias da regi\u00e3o; entrega de certificado de parceiro da agropecu\u00e1ria ao aplicativo de vendas JAEEMARKET; e entrega do selo Pet Friendly ao Hotel Le Canton<\/strong><\/p>\n\n\n\n<p><strong>Local<\/strong>: Parque Municipal de Petr\u00f3polis &#8211; Itaipava (Estrada Uni\u00e3o Ind\u00fastria, 10.000).<\/p>\n\n\n\n<p><strong>11h30 &#8211; An\u00fancio das obras de recapeamento da RJ 134, de Pedro do Rio a Posse<\/strong><\/p>\n\n\n\n<p><strong>Local<\/strong>:&nbsp;Pr\u00f3ximo a Estr. Silveira da Mota, 843-745 &#8211; Posse.<\/p>\n\n\n\n<p><strong>15h30 &#8211; Encontro com empres\u00e1rios<\/strong><\/p>\n\n\n\n<p><strong>Local<\/strong>: Firjan Serrana (Av. Dom Pedro I, 579 \u2013 Centro).<\/p>\n\n\n\n<p><strong>17h &#8211; Inaugura\u00e7\u00e3o da Casa do Trabalhador<\/strong><\/p>\n\n\n\n<p><strong>Local<\/strong>: Rua Doutor Porci\u00fancula, 75 &#8211; Centro (Rodovi\u00e1ria).<\/p>\n","protected":false},"excerpt":{"rendered":"<p>\u00c0 0h desta segunda-feira (11) para ter\u00e7a-feira (12), haver\u00e1 uma cerim\u00f4nia de luto em mem\u00f3ria<\/p>\n","protected":false},"author":2,"featured_media":9486,"comment_status":"open","ping_status":"open","sticky":false,"template":"","format":"standard","meta":{"footnotes":""},"categories":[12],"tags":[],"class_list":["post-9483","post","type-post","status-publish","format-standard","has-post-thumbnail","hentry","category-cidade"],"_links":{"self":[{"href":"https:\/\/tvc16.com\/portal\/wp-json\/wp\/v2\/posts\/9483","targetHints":{"allow":["GET"]}}],"collection":[{"href":"https:\/\/tvc16.com\/portal\/wp-json\/wp\/v2\/posts"}],"about":[{"href":"https:\/\/tvc16.com\/portal\/wp-json\/wp\/v2\/types\/post"}],"author":[{"embeddable":true,"href":"https:\/\/tvc16.com\/portal\/wp-json\/wp\/v2\/users\/2"}],"replies":[{"embeddable":true,"href":"https:\/\/tvc16.com\/portal\/wp-json\/wp\/v2\/comments?post=9483"}],"version-history":[{"count":2,"href":"https:\/\/tvc16.com\/portal\/wp-json\/wp\/v2\/posts\/9483\/revisions"}],"predecessor-version":[{"id":9487,"href":"https:\/\/tvc16.com\/portal\/wp-json\/wp\/v2\/posts\/9483\/revisions\/9487"}],"wp:featuredmedia":[{"embeddable":true,"href":"https:\/\/tvc16.com\/portal\/wp-json\/wp\/v2\/media\/9486"}],"wp:attachment":[{"href":"https:\/\/tvc16.com\/portal\/wp-json\/wp\/v2\/media?parent=9483"}],"wp:term":[{"taxonomy":"category","embeddable":true,"href":"https:\/\/tvc16.com\/portal\/wp-json\/wp\/v2\/categories?post=9483"},{"taxonomy":"post_tag","embeddable":true,"href":"https:\/\/tvc16.com\/portal\/wp-json\/wp\/v2\/tags?post=9483"}],"curies":[{"name":"wp","href":"https:\/\/api.w.org\/{rel}","templated":true}]}}