{"id":9488,"date":"2021-01-11T21:37:43","date_gmt":"2021-01-12T00:37:43","guid":{"rendered":"https:\/\/tvc16.com\/portal\/?p=9488"},"modified":"2021-01-11T21:43:16","modified_gmt":"2021-01-12T00:43:16","slug":"governador-em-exercicio-realiza-forum-com-15-prefeitos-da-regiao-serrana-castro-e-seu-secretariado-ouviram-as-demandas-das-prefeituras-estado-tambem-anunciou-programa-de-apoio-de-gestao-financeira-a","status":"publish","type":"post","link":"https:\/\/tvc16.com\/portal\/2021\/01\/11\/governador-em-exercicio-realiza-forum-com-15-prefeitos-da-regiao-serrana-castro-e-seu-secretariado-ouviram-as-demandas-das-prefeituras-estado-tambem-anunciou-programa-de-apoio-de-gestao-financeira-a\/","title":{"rendered":"Governador em exerc\u00edcio realiza f\u00f3rum com 15 prefeitos da Regi\u00e3o Serrana. Castro e seu secretariado ouviram as demandas das prefeituras. Estado tamb\u00e9m anunciou programa de apoio de gest\u00e3o financeira aos munic\u00edpios da Serra"},"content":{"rendered":"\n<p><\/p>\n\n\n\n<p><\/p>\n\n\n\n<p>O governador em exerc\u00edcio Cl\u00e1udio Castro realizou, nesta segunda-feira (11), em Teres\u00f3polis, um f\u00f3rum com 15 prefeitos e secret\u00e1rios municipais da Regi\u00e3o Serrana. No encontro, foram discutidas as demandas das cidades em diversas \u00e1reas para garantir o desenvolvimento social e econ\u00f4mico da regi\u00e3o, atingida pela trag\u00e9dia causada pelas chuvas de 2011.<\/p>\n\n\n\n<p>&#8211; Estamos aqui n\u00e3o s\u00f3 para homenagear as v\u00edtimas que morreram ou que perderam seus entes queridos nessa trag\u00e9dia, que nunca ser\u00e1 esquecida, mas tamb\u00e9m para planejarmos a\u00e7\u00f5es para o futuro da popula\u00e7\u00e3o que vive nessa regi\u00e3o, e evitar que novas trag\u00e9dias como a de 2011 aconte\u00e7am novamente. Aqui em Teres\u00f3polis fizemos agendas importantes: ouvimos a popula\u00e7\u00e3o, visitamos obras de conten\u00e7\u00e3o de encostas, lan\u00e7amos o programa Limpa Rio e dialogamos com empres\u00e1rios e prefeitos. Reunimos 15 secret\u00e1rios estaduais, que ouviram 300 servidores dos munic\u00edpios &#8211; explicou o governador em exerc\u00edcio.<\/p>\n\n\n\n<p>Cl\u00e1udio Castro ressaltou tamb\u00e9m a import\u00e2ncia de trabalhar em parceria para suprir as necessidades da popula\u00e7\u00e3o.<\/p>\n\n\n\n<p><\/p>\n\n\n\n<figure class=\"wp-block-image size-large\"><img loading=\"lazy\" decoding=\"async\" width=\"1024\" height=\"663\" src=\"https:\/\/tvc16.com\/portal\/wp-content\/uploads\/2021\/01\/20210111_213001-1024x663.jpg\" alt=\"\" class=\"wp-image-9490\" srcset=\"https:\/\/tvc16.com\/portal\/wp-content\/uploads\/2021\/01\/20210111_213001-1024x663.jpg 1024w, https:\/\/tvc16.com\/portal\/wp-content\/uploads\/2021\/01\/20210111_213001-300x194.jpg 300w, https:\/\/tvc16.com\/portal\/wp-content\/uploads\/2021\/01\/20210111_213001-768x497.jpg 768w, https:\/\/tvc16.com\/portal\/wp-content\/uploads\/2021\/01\/20210111_213001-370x241.jpg 370w, https:\/\/tvc16.com\/portal\/wp-content\/uploads\/2021\/01\/20210111_213001-761x492.jpg 761w, https:\/\/tvc16.com\/portal\/wp-content\/uploads\/2021\/01\/20210111_213001.jpg 1080w\" sizes=\"auto, (max-width: 1024px) 100vw, 1024px\" \/><\/figure>\n\n\n\n<p>&#8211; Esse di\u00e1logo com os prefeitos, as lideran\u00e7as, e a popula\u00e7\u00e3o, \u00e9 o caminho para construirmos cidadania e entregar aquilo que as pessoas realmente precisam. Nosso papel aqui \u00e9 trabalhar com uni\u00e3o para que os resultados cheguem \u00e0 popula\u00e7\u00e3o com a qualidade e velocidade necess\u00e1rias. Estamos fazendo investimentos expressivos, diversas obras j\u00e1 come\u00e7aram e outras j\u00e1 est\u00e3o licitadas, estamos com um trabalho duro nessa regi\u00e3o \u2013 enfatizou Castro.<\/p>\n\n\n\n<p>Durante o f\u00f3rum, o secret\u00e1rio de Estado de Fazenda, Guilherme Merc\u00eas, anunciou o apoio \u00e0 gest\u00e3o financeira dos munic\u00edpios da Serra.<\/p>\n\n\n\n<p>-Em 2021,&nbsp;vamos planejar o futuro do Estado do Rio de Janeiro com o novo plano de recupera\u00e7\u00e3o fiscal. A secretaria de Fazenda se prop\u00f4s a auxiliar os munic\u00edpios com um programa de apoio de gest\u00e3o, fornecendo os indicadores, as previs\u00f5es necess\u00e1rias para que as prefeituras possam se programar financeiramente e, com isso, prestar e garantir os servi\u00e7os p\u00fablicos \u00e0 popula\u00e7\u00e3o das cidades \u2013 disse o secret\u00e1rio.<\/p>\n\n\n\n<p><\/p>\n\n\n\n<figure class=\"wp-block-image size-large\"><img loading=\"lazy\" decoding=\"async\" width=\"1024\" height=\"603\" src=\"https:\/\/tvc16.com\/portal\/wp-content\/uploads\/2021\/01\/20210111_212946-1024x603.jpg\" alt=\"\" class=\"wp-image-9491\" srcset=\"https:\/\/tvc16.com\/portal\/wp-content\/uploads\/2021\/01\/20210111_212946-1024x603.jpg 1024w, https:\/\/tvc16.com\/portal\/wp-content\/uploads\/2021\/01\/20210111_212946-300x177.jpg 300w, https:\/\/tvc16.com\/portal\/wp-content\/uploads\/2021\/01\/20210111_212946-768x452.jpg 768w, https:\/\/tvc16.com\/portal\/wp-content\/uploads\/2021\/01\/20210111_212946.jpg 1062w\" sizes=\"auto, (max-width: 1024px) 100vw, 1024px\" \/><\/figure>\n\n\n\n<p>Al\u00e9m do encontro com os prefeitos, o governador em exerc\u00edcio e os secret\u00e1rios tamb\u00e9m se reuniram com empres\u00e1rios da Regi\u00e3o Serrana para discutir como o Estado pode melhorar o ambiente de neg\u00f3cios para que o Rio de Janeiro e a Regi\u00e3o Serrana voltem a crescer e gerar empregos.<\/p>\n\n\n\n<p><\/p>\n\n\n\n<figure class=\"wp-block-image size-large\"><img loading=\"lazy\" decoding=\"async\" width=\"1024\" height=\"671\" src=\"https:\/\/tvc16.com\/portal\/wp-content\/uploads\/2021\/01\/20210111_213018-1024x671.jpg\" alt=\"\" class=\"wp-image-9489\" srcset=\"https:\/\/tvc16.com\/portal\/wp-content\/uploads\/2021\/01\/20210111_213018-1024x671.jpg 1024w, https:\/\/tvc16.com\/portal\/wp-content\/uploads\/2021\/01\/20210111_213018-300x197.jpg 300w, https:\/\/tvc16.com\/portal\/wp-content\/uploads\/2021\/01\/20210111_213018-768x503.jpg 768w, https:\/\/tvc16.com\/portal\/wp-content\/uploads\/2021\/01\/20210111_213018-370x241.jpg 370w, https:\/\/tvc16.com\/portal\/wp-content\/uploads\/2021\/01\/20210111_213018.jpg 1080w\" sizes=\"auto, (max-width: 1024px) 100vw, 1024px\" \/><\/figure>\n","protected":false},"excerpt":{"rendered":"<p>O governador em exerc\u00edcio Cl\u00e1udio Castro realizou, nesta segunda-feira (11), em Teres\u00f3polis, um f\u00f3rum com<\/p>\n","protected":false},"author":2,"featured_media":9496,"comment_status":"open","ping_status":"open","sticky":false,"template":"","format":"standard","meta":{"footnotes":""},"categories":[17],"tags":[],"class_list":["post-9488","post","type-post","status-publish","format-standard","has-post-thumbnail","hentry","category-outras-noticias"],"_links":{"self":[{"href":"https:\/\/tvc16.com\/portal\/wp-json\/wp\/v2\/posts\/9488","targetHints":{"allow":["GET"]}}],"collection":[{"href":"https:\/\/tvc16.com\/portal\/wp-json\/wp\/v2\/posts"}],"about":[{"href":"https:\/\/tvc16.com\/portal\/wp-json\/wp\/v2\/types\/post"}],"author":[{"embeddable":true,"href":"https:\/\/tvc16.com\/portal\/wp-json\/wp\/v2\/users\/2"}],"replies":[{"embeddable":true,"href":"https:\/\/tvc16.com\/portal\/wp-json\/wp\/v2\/comments?post=9488"}],"version-history":[{"count":2,"href":"https:\/\/tvc16.com\/portal\/wp-json\/wp\/v2\/posts\/9488\/revisions"}],"predecessor-version":[{"id":9494,"href":"https:\/\/tvc16.com\/portal\/wp-json\/wp\/v2\/posts\/9488\/revisions\/9494"}],"wp:featuredmedia":[{"embeddable":true,"href":"https:\/\/tvc16.com\/portal\/wp-json\/wp\/v2\/media\/9496"}],"wp:attachment":[{"href":"https:\/\/tvc16.com\/portal\/wp-json\/wp\/v2\/media?parent=9488"}],"wp:term":[{"taxonomy":"category","embeddable":true,"href":"https:\/\/tvc16.com\/portal\/wp-json\/wp\/v2\/categories?post=9488"},{"taxonomy":"post_tag","embeddable":true,"href":"https:\/\/tvc16.com\/portal\/wp-json\/wp\/v2\/tags?post=9488"}],"curies":[{"name":"wp","href":"https:\/\/api.w.org\/{rel}","templated":true}]}}