{"id":9497,"date":"2021-01-11T21:56:50","date_gmt":"2021-01-12T00:56:50","guid":{"rendered":"https:\/\/tvc16.com\/portal\/?p=9497"},"modified":"2021-01-11T21:56:53","modified_gmt":"2021-01-12T00:56:53","slug":"estado-confirma-entrega-de-insumos-e-imunizantes-para-petropolis-a-entrega-sera-feita-para-todos-os-municipios-do-estado","status":"publish","type":"post","link":"https:\/\/tvc16.com\/portal\/2021\/01\/11\/estado-confirma-entrega-de-insumos-e-imunizantes-para-petropolis-a-entrega-sera-feita-para-todos-os-municipios-do-estado\/","title":{"rendered":"Estado confirma entrega de insumos e imunizantes para Petr\u00f3polis. A entrega ser\u00e1 feita para todos os munic\u00edpios do estado"},"content":{"rendered":"\n<p>O governador em exerc\u00edcio, Cl\u00e1udio Castro, garantiu em reuni\u00e3o realizada, na tarde desta segunda-feira, em Teres\u00f3polis, que o Estado enviar\u00e1 para os todos munic\u00edpios insumos e imunizantes para atender \u00e0s quatro primeiras fases da Campanha de Vacina\u00e7\u00e3o contra o Coronav\u00edrus. Na semana passada, o ministro da Sa\u00fade Eduardo Pazuello j\u00e1 havia comunicado o envio de doses da vacina para as quatro primeiras fases da campanha. O an\u00fancio foi feito no F\u00f3rum de Prefeitos.<\/p>\n\n\n\n<p>Para a realiza\u00e7\u00e3o da Campanha de Vacina\u00e7\u00e3o, Petr\u00f3polis receber\u00e1 99 mil doses de vacina, o que corresponde a um ter\u00e7o da popula\u00e7\u00e3o. O prefeito interino Hingo Hammes tem o interesse de adquirir mais doses para atender as 200 mil pessoas que n\u00e3o ser\u00e3o contempladas no plano do Governo Federal. \u201cA vacina\u00e7\u00e3o ser\u00e1 feita em etapas, obedecendo os crit\u00e9rios de prioridade estipulados pelo Governo Federal. At\u00e9 que todos sejam vacinados, todos precisam obedecer \u00e0s orienta\u00e7\u00f5es dos profissionais de sa\u00fade, evitando aglomera\u00e7\u00f5es, usando m\u00e1scaras e higienizando sempre as m\u00e3os\u201d, ressaltou o prefeito.<\/p>\n\n\n\n<p>Petr\u00f3polis usar\u00e1 a estrutura j\u00e1 existente das campanhas de imuniza\u00e7\u00e3o para a vacina\u00e7\u00e3o contra o Covid-19. O munic\u00edpio aguarda apenas as orienta\u00e7\u00f5es do Estado para defini\u00e7\u00e3o das datas de in\u00edcio da vacina\u00e7\u00e3o. \u201cVamos seguir rigorosamente os crit\u00e9rios estipulados pelo Minist\u00e9rio da Sa\u00fade e contamos com a colabora\u00e7\u00e3o da popula\u00e7\u00e3o para s\u00f3 se dirigir aos postos de vacina\u00e7\u00e3o se estiverem dentro das especifica\u00e7\u00f5es de cada fase\u201d, alertou o secret\u00e1rio de Sa\u00fade, Alo\u00edsio Barbosa da Silva Filho.<\/p>\n\n\n\n<p>Na primeira fase da Campanha de Vacina\u00e7\u00e3o, ser\u00e3o vacinados trabalhadores da sa\u00fade, idosos a partir de 75 anos, idosos a partir de 60 anos asilados ou residentes em institui\u00e7\u00f5es psiqui\u00e1tricas. A estimativa \u00e9 que 30 mil pessoas sejam imunizadas nesta etapa da vacina\u00e7\u00e3o.<\/p>\n\n\n\n<p>Na segunda fase, ser\u00e3o vacinados idosos de 60 a 74 anos, o que corresponde a cerca de 40 mil pessoas. Na terceira fase, poder\u00e3o se dirigir aos pontos de vacina\u00e7\u00e3o pessoas com comorbidades que apresentem maior chance de agravamento da doen\u00e7a. Neste caso, ser\u00e1 necess\u00e1rio apresentar um laudo m\u00e9dico. Na quarta fase, ser\u00e3o vacinados professores, for\u00e7as de seguran\u00e7a e salvamento.<\/p>\n\n\n\n<p>A log\u00edstica contar\u00e1 com as 15 salas de vacina\u00e7\u00e3o existentes no munic\u00edpio, sistema de Drive Thru, Unidades B\u00e1sicas de Sa\u00fade e vacina\u00e7\u00e3o nas institui\u00e7\u00f5es de longa perman\u00eancia para idosos, assim como nas resid\u00eancias de idosos acamados mediante solicita\u00e7\u00e3o por telefone.<\/p>\n","protected":false},"excerpt":{"rendered":"<p>O governador em exerc\u00edcio, Cl\u00e1udio Castro, garantiu em reuni\u00e3o realizada, na tarde desta segunda-feira, em<\/p>\n","protected":false},"author":2,"featured_media":9498,"comment_status":"open","ping_status":"open","sticky":false,"template":"","format":"standard","meta":{"footnotes":""},"categories":[12],"tags":[],"class_list":["post-9497","post","type-post","status-publish","format-standard","has-post-thumbnail","hentry","category-cidade"],"_links":{"self":[{"href":"https:\/\/tvc16.com\/portal\/wp-json\/wp\/v2\/posts\/9497","targetHints":{"allow":["GET"]}}],"collection":[{"href":"https:\/\/tvc16.com\/portal\/wp-json\/wp\/v2\/posts"}],"about":[{"href":"https:\/\/tvc16.com\/portal\/wp-json\/wp\/v2\/types\/post"}],"author":[{"embeddable":true,"href":"https:\/\/tvc16.com\/portal\/wp-json\/wp\/v2\/users\/2"}],"replies":[{"embeddable":true,"href":"https:\/\/tvc16.com\/portal\/wp-json\/wp\/v2\/comments?post=9497"}],"version-history":[{"count":1,"href":"https:\/\/tvc16.com\/portal\/wp-json\/wp\/v2\/posts\/9497\/revisions"}],"predecessor-version":[{"id":9499,"href":"https:\/\/tvc16.com\/portal\/wp-json\/wp\/v2\/posts\/9497\/revisions\/9499"}],"wp:featuredmedia":[{"embeddable":true,"href":"https:\/\/tvc16.com\/portal\/wp-json\/wp\/v2\/media\/9498"}],"wp:attachment":[{"href":"https:\/\/tvc16.com\/portal\/wp-json\/wp\/v2\/media?parent=9497"}],"wp:term":[{"taxonomy":"category","embeddable":true,"href":"https:\/\/tvc16.com\/portal\/wp-json\/wp\/v2\/categories?post=9497"},{"taxonomy":"post_tag","embeddable":true,"href":"https:\/\/tvc16.com\/portal\/wp-json\/wp\/v2\/tags?post=9497"}],"curies":[{"name":"wp","href":"https:\/\/api.w.org\/{rel}","templated":true}]}}