{"id":9500,"date":"2021-01-11T22:01:21","date_gmt":"2021-01-12T01:01:21","guid":{"rendered":"https:\/\/tvc16.com\/portal\/?p=9500"},"modified":"2021-01-11T22:01:24","modified_gmt":"2021-01-12T01:01:24","slug":"petropolis-sera-a-primeira-cidade-da-regiao-serrana-a-ter-a-casa-do-trabalhador-unidade-que-sera-entregue-nesta-terca-feira-vai-funcionar-no-terminal-do-centro","status":"publish","type":"post","link":"https:\/\/tvc16.com\/portal\/2021\/01\/11\/petropolis-sera-a-primeira-cidade-da-regiao-serrana-a-ter-a-casa-do-trabalhador-unidade-que-sera-entregue-nesta-terca-feira-vai-funcionar-no-terminal-do-centro\/","title":{"rendered":"Petr\u00f3polis ser\u00e1 a primeira cidade da Regi\u00e3o Serrana a ter a Casa do Trabalhador. Unidade, que ser\u00e1 entregue nesta ter\u00e7a-feira, vai funcionar no terminal do Centro."},"content":{"rendered":"\n<p><\/p>\n\n\n\n<p>Petr\u00f3polis ser\u00e1 a primeira cidade da Regi\u00e3o Serrana do Estado a ter a Casa do Trabalhador. O novo equipamento p\u00fablico ser\u00e1 entregue nesta ter\u00e7a-feira (12), \u00e0s 17h, pelo governador em exerc\u00edcio, Cl\u00e1udio Castro, e o prefeito interino de Petr\u00f3polis, Hingo Hammes. O espa\u00e7o abre para atendimento ao p\u00fablico j\u00e1 na quarta-feira, no local onde funcionou o Detran, no Terminal do Centro. \u00c9 resultado de uma parceria entre os governos municipal e estadual com o objetivo de centralizar, em um \u00fanico espa\u00e7o, os servi\u00e7os oferecidos pelo Departamento de Trabalho e Renda (Detra).<\/p>\n\n\n\n<p>No local ser\u00e1 poss\u00edvel encontrar servi\u00e7os como emiss\u00e3o da carteira de trabalho, balc\u00e3o de empregos, orienta\u00e7\u00e3o ao trabalhador e atendimentos. Tamb\u00e9m haver\u00e1 espa\u00e7o para cursos de capacita\u00e7\u00e3o, por meio de parcerias com institui\u00e7\u00f5es p\u00fablicas e privadas.<\/p>\n\n\n\n<p>\u201cA transfer\u00eancia do Detra para o terminal, em um espa\u00e7o central e amplo, vai facilitar o acesso da popula\u00e7\u00e3o aos servi\u00e7os. Vai ajudar o jovem que procura o primeiro emprego e tamb\u00e9m quem est\u00e1 atr\u00e1s de novas oportunidades no mercado\u201d, lembrou o prefeito inteiro.<\/p>\n\n\n\n<p>Na cerim\u00f4nia desta ter\u00e7a-feira, que tamb\u00e9m ter\u00e1 a presen\u00e7a do secret\u00e1rio de Trabalho e Renda do Estado, Capit\u00e3o Paulo Teixeira, e do secret\u00e1rio municipal de Desenvolvimento Econ\u00f4mico, Marcelo Soares, o local passar\u00e1 oficialmente \u00e0 equipe do Detra.<\/p>\n\n\n\n<p>\u201cDiversos servi\u00e7os, como a emiss\u00e3o da carteira de identidade, dicas de como montar curr\u00edculo e a retirada das d\u00favidas sobre o Balc\u00e3o de Empregos da Prefeitura, estar\u00e3o dispon\u00edveis na Casa do Trabalhador. A ideia \u00e9 facilitar a vida dos petropolitanos\u201d, afirmou o secret\u00e1rio de Desenvolvimento Econ\u00f4mico, Marcelo Soares.<\/p>\n\n\n\n<p>Atualmente, existem quatro unidades da Casa do Trabalhador no Estado do Rio, sendo tr\u00eas localizadas no munic\u00edpio do Rio de Janeiro, na Ilha do Governador, Manguinhos e Shopping Guadalupe, e uma no munic\u00edpio de Itatiaia.<\/p>\n","protected":false},"excerpt":{"rendered":"<p>Petr\u00f3polis ser\u00e1 a primeira cidade da Regi\u00e3o Serrana do Estado a ter a Casa do<\/p>\n","protected":false},"author":2,"featured_media":9501,"comment_status":"open","ping_status":"open","sticky":false,"template":"","format":"standard","meta":{"footnotes":""},"categories":[12],"tags":[],"class_list":["post-9500","post","type-post","status-publish","format-standard","has-post-thumbnail","hentry","category-cidade"],"_links":{"self":[{"href":"https:\/\/tvc16.com\/portal\/wp-json\/wp\/v2\/posts\/9500","targetHints":{"allow":["GET"]}}],"collection":[{"href":"https:\/\/tvc16.com\/portal\/wp-json\/wp\/v2\/posts"}],"about":[{"href":"https:\/\/tvc16.com\/portal\/wp-json\/wp\/v2\/types\/post"}],"author":[{"embeddable":true,"href":"https:\/\/tvc16.com\/portal\/wp-json\/wp\/v2\/users\/2"}],"replies":[{"embeddable":true,"href":"https:\/\/tvc16.com\/portal\/wp-json\/wp\/v2\/comments?post=9500"}],"version-history":[{"count":1,"href":"https:\/\/tvc16.com\/portal\/wp-json\/wp\/v2\/posts\/9500\/revisions"}],"predecessor-version":[{"id":9502,"href":"https:\/\/tvc16.com\/portal\/wp-json\/wp\/v2\/posts\/9500\/revisions\/9502"}],"wp:featuredmedia":[{"embeddable":true,"href":"https:\/\/tvc16.com\/portal\/wp-json\/wp\/v2\/media\/9501"}],"wp:attachment":[{"href":"https:\/\/tvc16.com\/portal\/wp-json\/wp\/v2\/media?parent=9500"}],"wp:term":[{"taxonomy":"category","embeddable":true,"href":"https:\/\/tvc16.com\/portal\/wp-json\/wp\/v2\/categories?post=9500"},{"taxonomy":"post_tag","embeddable":true,"href":"https:\/\/tvc16.com\/portal\/wp-json\/wp\/v2\/tags?post=9500"}],"curies":[{"name":"wp","href":"https:\/\/api.w.org\/{rel}","templated":true}]}}