{"id":9507,"date":"2021-01-12T09:40:12","date_gmt":"2021-01-12T12:40:12","guid":{"rendered":"https:\/\/tvc16.com\/portal\/?p=9507"},"modified":"2021-01-12T09:41:21","modified_gmt":"2021-01-12T12:41:21","slug":"um-grupo-de-colaboradores-da-cidade-real-paralisa-a-garagem-da-empresa-desde-as-4h-deesta-terca-feira-12-e-os-onibus-nao-conseguem-iniciar-a-circulacao-dirigentes-da-empresa-estao-em-dialogo-com-os","status":"publish","type":"post","link":"https:\/\/tvc16.com\/portal\/2021\/01\/12\/um-grupo-de-colaboradores-da-cidade-real-paralisa-a-garagem-da-empresa-desde-as-4h-deesta-terca-feira-12-e-os-onibus-nao-conseguem-iniciar-a-circulacao-dirigentes-da-empresa-estao-em-dialogo-com-os\/","title":{"rendered":"Um grupo de colaboradores da Cidade Real paralisa a garagem da empresa desde \u00e0s 4h desta ter\u00e7a-feira (12) e os \u00f4nibus n\u00e3o conseguem iniciar a circula\u00e7\u00e3o. Dirigentes da empresa est\u00e3o em di\u00e1logo com os manifestantes, mas os primeiros hor\u00e1rios da opera\u00e7\u00e3o j\u00e1 foram comprometidos"},"content":{"rendered":"\n<p><\/p>\n\n\n\n<p>Em reuni\u00e3o realizada ontem(11), na sede da CPTrans, que contou com a presen\u00e7a de representantes da prefeitura, CPTrans, C\u00e2mara Municipal, Cidade Real, Setranspetro, Sindicato dos Rodovi\u00e1rios e colaboradores da pr\u00f3pria empresa, ficou acordado que n\u00e3o haveria qualquer paralisa\u00e7\u00e3o at\u00e9 que um novo acordo que j\u00e1 est\u00e1 sendo desenvolvido entre o Sindicato dos Rodovi\u00e1rios e Setranspetro fosse votado e conclu\u00eddo, mas o movimento parece ter motiva\u00e7\u00e3o pol\u00edtica, j\u00e1 que todos os colaboradores da empresa est\u00e3o com sal\u00e1rios e benef\u00edcios em dia.<\/p>\n\n\n\n<p>A crise que afeta o Sistema de Transporte fez com que as empresas de \u00f4nibus, assim como qualquer outra empresa do Brasil, aderissem \u00e0 Lei Federal que permitia redu\u00e7\u00e3o de carga hor\u00e1ria e suspens\u00e3o de contratos de trabalho com parte dos valores pagos pelo governo. Com o fim do vigor da lei em 31 de dezembro de 2020, as empresas de \u00f4nibus est\u00e3o buscando alternativas para mais uma vez envitar demiss\u00f5es em massa, a exemplo do que vem acontendo em v\u00e1rios munic\u00edpios do pa\u00eds em outros sistemas de \u00f4nibus.<\/p>\n\n\n\n<p>Petr\u00f3polis, \u00e9 um dos poucos municipios do pa\u00eds que est\u00e1 em dia com o d\u00e9cimo terceiro sal\u00e1rio e f\u00e9rias, porque as empresas recorreram a empr\u00e9stimos banc\u00e1rios. Em outras Regi\u00f5es estes vencimentos dos rodovi\u00e1rios foram parcelados e ser\u00e3o pagos ao longo do primeiro semestre do ano.<\/p>\n","protected":false},"excerpt":{"rendered":"<p>Em reuni\u00e3o realizada ontem(11), na sede da CPTrans, que contou com a presen\u00e7a de representantes<\/p>\n","protected":false},"author":2,"featured_media":9508,"comment_status":"open","ping_status":"open","sticky":false,"template":"","format":"standard","meta":{"footnotes":""},"categories":[12],"tags":[],"class_list":["post-9507","post","type-post","status-publish","format-standard","has-post-thumbnail","hentry","category-cidade"],"_links":{"self":[{"href":"https:\/\/tvc16.com\/portal\/wp-json\/wp\/v2\/posts\/9507","targetHints":{"allow":["GET"]}}],"collection":[{"href":"https:\/\/tvc16.com\/portal\/wp-json\/wp\/v2\/posts"}],"about":[{"href":"https:\/\/tvc16.com\/portal\/wp-json\/wp\/v2\/types\/post"}],"author":[{"embeddable":true,"href":"https:\/\/tvc16.com\/portal\/wp-json\/wp\/v2\/users\/2"}],"replies":[{"embeddable":true,"href":"https:\/\/tvc16.com\/portal\/wp-json\/wp\/v2\/comments?post=9507"}],"version-history":[{"count":2,"href":"https:\/\/tvc16.com\/portal\/wp-json\/wp\/v2\/posts\/9507\/revisions"}],"predecessor-version":[{"id":9510,"href":"https:\/\/tvc16.com\/portal\/wp-json\/wp\/v2\/posts\/9507\/revisions\/9510"}],"wp:featuredmedia":[{"embeddable":true,"href":"https:\/\/tvc16.com\/portal\/wp-json\/wp\/v2\/media\/9508"}],"wp:attachment":[{"href":"https:\/\/tvc16.com\/portal\/wp-json\/wp\/v2\/media?parent=9507"}],"wp:term":[{"taxonomy":"category","embeddable":true,"href":"https:\/\/tvc16.com\/portal\/wp-json\/wp\/v2\/categories?post=9507"},{"taxonomy":"post_tag","embeddable":true,"href":"https:\/\/tvc16.com\/portal\/wp-json\/wp\/v2\/tags?post=9507"}],"curies":[{"name":"wp","href":"https:\/\/api.w.org\/{rel}","templated":true}]}}