{"id":9511,"date":"2021-01-12T12:02:36","date_gmt":"2021-01-12T15:02:36","guid":{"rendered":"https:\/\/tvc16.com\/portal\/?p=9511"},"modified":"2021-01-12T12:02:40","modified_gmt":"2021-01-12T15:02:40","slug":"cerimonia-lembra-bombeiros-mortos-em-servico-durante-a-tragedia-de-2011-todas-as-unidades-do-corpo-de-bombeiros-prestaram-homenagem-aos-militares-exatamente-dez-anos-depois-da-tragedia-governador-em","status":"publish","type":"post","link":"https:\/\/tvc16.com\/portal\/2021\/01\/12\/cerimonia-lembra-bombeiros-mortos-em-servico-durante-a-tragedia-de-2011-todas-as-unidades-do-corpo-de-bombeiros-prestaram-homenagem-aos-militares-exatamente-dez-anos-depois-da-tragedia-governador-em\/","title":{"rendered":"Cerim\u00f4nia lembra bombeiros mortos em servi\u00e7o durante a trag\u00e9dia de 2011. Todas as unidades do Corpo de Bombeiros prestaram homenagem aos militares exatamente dez anos depois da trag\u00e9dia. Governador em exerc\u00edcio participou da solenidade no quartel de Petr\u00f3polis"},"content":{"rendered":"\n<p><br>Na madrugada do dia 11 para 12 de janeiro de 2011, uma trag\u00e9dia assolava a Regi\u00e3o Serrana do Rio de Janeiro. Uma d\u00e9cada depois, \u00e0 meia-noite deste dia 12 de janeiro de 2021, um toque de sil\u00eancio &#8211; melodia utilizada para homenagear militares que morreram em servi\u00e7o &#8211; foi executado de forma simult\u00e2nea em todas as unidades do Corpo de Bombeiros em mem\u00f3ria aos militares v\u00edtimas do maior desastre natural do Brasil. Do quartel de Petr\u00f3polis, o governador em exerc\u00edcio Cl\u00e1udio Castro participou da solenidade e falou sobre a import\u00e2ncia desses bombeiros.<\/p>\n\n\n\n<p><\/p>\n\n\n\n<figure class=\"wp-block-image size-large\"><img loading=\"lazy\" decoding=\"async\" width=\"1024\" height=\"682\" src=\"https:\/\/tvc16.com\/portal\/wp-content\/uploads\/2021\/01\/12-01-21-Cerimonia-de-luto-as-vitimas-da-tragedia-1-1024x682.jpg\" alt=\"\" class=\"wp-image-9513\" srcset=\"https:\/\/tvc16.com\/portal\/wp-content\/uploads\/2021\/01\/12-01-21-Cerimonia-de-luto-as-vitimas-da-tragedia-1-1024x682.jpg 1024w, https:\/\/tvc16.com\/portal\/wp-content\/uploads\/2021\/01\/12-01-21-Cerimonia-de-luto-as-vitimas-da-tragedia-1-300x200.jpg 300w, https:\/\/tvc16.com\/portal\/wp-content\/uploads\/2021\/01\/12-01-21-Cerimonia-de-luto-as-vitimas-da-tragedia-1-768x512.jpg 768w, https:\/\/tvc16.com\/portal\/wp-content\/uploads\/2021\/01\/12-01-21-Cerimonia-de-luto-as-vitimas-da-tragedia-1-900x600.jpg 900w, https:\/\/tvc16.com\/portal\/wp-content\/uploads\/2021\/01\/12-01-21-Cerimonia-de-luto-as-vitimas-da-tragedia-1.jpg 1280w\" sizes=\"auto, (max-width: 1024px) 100vw, 1024px\" \/><\/figure>\n\n\n\n<p>\u2013 Estamos aqui para lembrar dos atos desses her\u00f3is que perderam suas vidas cumprindo a miss\u00e3o de salvar a de outras pessoas. Al\u00e9m disso, estamos aqui assumindo compromissos de preven\u00e7\u00e3o, de trabalho transparente para que trag\u00e9dias e consequ\u00eancias como essas n\u00e3o ocorram mais. Nossa miss\u00e3o \u00e9 ouvir e atender \u00e0 popula\u00e7\u00e3o \u2013 afirmou o governador.<\/p>\n\n\n\n<p>Ao todo, cinco bombeiros que morreram no desastre foram homenageados: o 2\u00ba sargento Marco Ant\u00f4nio Verly da Concei\u00e7\u00e3o, os cabos Victor Lembo Spinelli e Fl\u00e1vio Uanderson Rodrigues de Freitas, que prestavam socorro \u00e0s v\u00edtimas e n\u00e3o resistiram aos ferimentos. Outros dois profissionais eram moradores de Teres\u00f3polis, uma das cidades mais atingidas pela trag\u00e9dia, e estavam em casa quando as resid\u00eancias foram atingidas. S\u00e3o eles os bombeiros Isaac Bravo (lotado no pr\u00f3prio quartel de Teres\u00f3polis) e Ruan Carlos Guarillha (lotado no Grupamento de Socorro Florestal e Meio Ambiente, em Mag\u00e9).<\/p>\n\n\n\n<p><\/p>\n\n\n\n<figure class=\"wp-block-image size-large\"><img loading=\"lazy\" decoding=\"async\" width=\"1024\" height=\"682\" src=\"https:\/\/tvc16.com\/portal\/wp-content\/uploads\/2021\/01\/12-01-21-Cerimonia-de-luto-as-vitimas-da-tragedia-3-1024x682.jpg\" alt=\"\" class=\"wp-image-9514\" srcset=\"https:\/\/tvc16.com\/portal\/wp-content\/uploads\/2021\/01\/12-01-21-Cerimonia-de-luto-as-vitimas-da-tragedia-3-1024x682.jpg 1024w, https:\/\/tvc16.com\/portal\/wp-content\/uploads\/2021\/01\/12-01-21-Cerimonia-de-luto-as-vitimas-da-tragedia-3-300x200.jpg 300w, https:\/\/tvc16.com\/portal\/wp-content\/uploads\/2021\/01\/12-01-21-Cerimonia-de-luto-as-vitimas-da-tragedia-3-768x512.jpg 768w, https:\/\/tvc16.com\/portal\/wp-content\/uploads\/2021\/01\/12-01-21-Cerimonia-de-luto-as-vitimas-da-tragedia-3-900x600.jpg 900w, https:\/\/tvc16.com\/portal\/wp-content\/uploads\/2021\/01\/12-01-21-Cerimonia-de-luto-as-vitimas-da-tragedia-3.jpg 1280w\" sizes=\"auto, (max-width: 1024px) 100vw, 1024px\" \/><\/figure>\n\n\n\n<p>Al\u00e9m dos militares, durante o evento dessa madrugada de segunda para ter\u00e7a, 26 pessoas, \u00f3rg\u00e3os e institui\u00e7\u00f5es tamb\u00e9m foram condecorados com a Medalha Ordem do M\u00e9rito de Defesa Civil por terem tido extrema relev\u00e2ncia durante a trag\u00e9dia. Ao todo, 82 condecora\u00e7\u00f5es foram entregues nos tr\u00eas quart\u00e9is &#8211; Friburgo, Teres\u00f3polis e Petr\u00f3polis, desde o \u00faltimo domingo (10), quando teve in\u00edcio o \u2018Governo Presente\u2019 na Serra.<\/p>\n","protected":false},"excerpt":{"rendered":"<p>Na madrugada do dia 11 para 12 de janeiro de 2011, uma trag\u00e9dia assolava a<\/p>\n","protected":false},"author":2,"featured_media":9512,"comment_status":"open","ping_status":"open","sticky":false,"template":"","format":"standard","meta":{"footnotes":""},"categories":[12],"tags":[],"class_list":["post-9511","post","type-post","status-publish","format-standard","has-post-thumbnail","hentry","category-cidade"],"_links":{"self":[{"href":"https:\/\/tvc16.com\/portal\/wp-json\/wp\/v2\/posts\/9511","targetHints":{"allow":["GET"]}}],"collection":[{"href":"https:\/\/tvc16.com\/portal\/wp-json\/wp\/v2\/posts"}],"about":[{"href":"https:\/\/tvc16.com\/portal\/wp-json\/wp\/v2\/types\/post"}],"author":[{"embeddable":true,"href":"https:\/\/tvc16.com\/portal\/wp-json\/wp\/v2\/users\/2"}],"replies":[{"embeddable":true,"href":"https:\/\/tvc16.com\/portal\/wp-json\/wp\/v2\/comments?post=9511"}],"version-history":[{"count":1,"href":"https:\/\/tvc16.com\/portal\/wp-json\/wp\/v2\/posts\/9511\/revisions"}],"predecessor-version":[{"id":9515,"href":"https:\/\/tvc16.com\/portal\/wp-json\/wp\/v2\/posts\/9511\/revisions\/9515"}],"wp:featuredmedia":[{"embeddable":true,"href":"https:\/\/tvc16.com\/portal\/wp-json\/wp\/v2\/media\/9512"}],"wp:attachment":[{"href":"https:\/\/tvc16.com\/portal\/wp-json\/wp\/v2\/media?parent=9511"}],"wp:term":[{"taxonomy":"category","embeddable":true,"href":"https:\/\/tvc16.com\/portal\/wp-json\/wp\/v2\/categories?post=9511"},{"taxonomy":"post_tag","embeddable":true,"href":"https:\/\/tvc16.com\/portal\/wp-json\/wp\/v2\/tags?post=9511"}],"curies":[{"name":"wp","href":"https:\/\/api.w.org\/{rel}","templated":true}]}}