{"id":9516,"date":"2021-01-12T15:00:31","date_gmt":"2021-01-12T18:00:31","guid":{"rendered":"https:\/\/tvc16.com\/portal\/?p=9516"},"modified":"2021-01-12T15:00:33","modified_gmt":"2021-01-12T18:00:33","slug":"atencao-prazo-da-pre-matricula-na-rede-municipal-termina-no-dia-15-de-janeiro-inscricoes-valem-para-os-estudantes-que-ainda-nao-fazem-parte-da-rede-municipal-de-ensino","status":"publish","type":"post","link":"https:\/\/tvc16.com\/portal\/2021\/01\/12\/atencao-prazo-da-pre-matricula-na-rede-municipal-termina-no-dia-15-de-janeiro-inscricoes-valem-para-os-estudantes-que-ainda-nao-fazem-parte-da-rede-municipal-de-ensino\/","title":{"rendered":"Aten\u00e7\u00e3o: Prazo da pr\u00e9-matr\u00edcula na rede municipal termina no dia 15 de janeiro. Inscri\u00e7\u00f5es valem para os estudantes que ainda n\u00e3o fazem parte da rede municipal de Ensino"},"content":{"rendered":"\n<p>Termina na pr\u00f3xima sexta-feira (15) o prazo para inscri\u00e7\u00e3o na pr\u00e9-matr\u00edcula na rede municipal de Educa\u00e7\u00e3o. Um link est\u00e1 dispon\u00edvel na p\u00e1gina oficial da prefeitura: www.petropolis.rj.gov.br. O resultado da pr\u00e9-matr\u00edcula poder\u00e1 ser consultado a partir do dia 21 de janeiro, tamb\u00e9m no site da PMP.<\/p>\n\n\n\n<p>Est\u00e3o sendo cadastrados os pedidos de vagas para a pr\u00e9-escola &#8211; 4 e 5 anos; Ensino Fundamental (1\u00ba ao 9\u00ba ano) e para a modalidade EJA \u2013 Educa\u00e7\u00e3o de Jovens e Adultos.<\/p>\n\n\n\n<p>\u201cO processo ocorre de forma online para facilitar a vida dos respons\u00e1veis. O passo a passo \u00e9 bem simples, mas, caso algu\u00e9m tenha dificuldades ou d\u00favidas, pode entrar em contato com a Secretaria de Educa\u00e7\u00e3o\u201d, explica o prefeito interino, Hingo Hammes.<\/p>\n\n\n\n<p><em>Efetiva\u00e7\u00e3o da Matr\u00edcula tamb\u00e9m poder\u00e1 ser feita atrav\u00e9s de atendimento remoto<\/em><\/p>\n\n\n\n<p>Importante destacar que, por conta da pandemia, o atendimento remoto est\u00e1 sendo refer\u00eancia.<\/p>\n\n\n\n<p>\u201cAo entrar em contato com o setor de matr\u00edcula, tamb\u00e9m haver\u00e1 a possibilidade de efetivar a matr\u00edcula por e-mail, n\u00e3o sendo necess\u00e1rio o comparecimento ao setor. Mais uma forma de facilitar a vida dos pais. No entanto, o agendamento presencial tamb\u00e9m ser\u00e1 feito, caso haja necessidade\u201d, informa a secret\u00e1ria de Educa\u00e7\u00e3o, Marcia Palma.<\/p>\n\n\n\n<p>No ato da efetiva\u00e7\u00e3o da matr\u00edcula, os pais dever\u00e3o apresentar os documentos:<\/p>\n\n\n\n<p>*Certid\u00e3o de Nascimento e documento de identidade do aluno;<\/p>\n\n\n\n<p>*Declara\u00e7\u00e3o escolar (v\u00e1lida por trinta dias) constando a situa\u00e7\u00e3o do aluno para o ano subsequente ou Hist\u00f3rico escolar original;<\/p>\n\n\n\n<p>*Carteira de Identidade e CPF do respons\u00e1vel;<\/p>\n\n\n\n<p>*Comprovante de resid\u00eancia atualizado;<\/p>\n\n\n\n<p>*Duas fotos em formato 3&#215;4;<\/p>\n\n\n\n<p>*Carteira de vacina\u00e7\u00e3o atualizada;<\/p>\n\n\n\n<p>*Comprovante do tipo sangu\u00edneo e fator RH (Lei Municipal n\u00ba 7216, de 27\/08\/2014);<\/p>\n\n\n\n<p>*Cart\u00e3o do Bolsa Fam\u00edlia (se benefici\u00e1rio);<\/p>\n\n\n\n<p>*Cart\u00e3o do SUS;<\/p>\n\n\n\n<p>*Parecer cl\u00ednico espec\u00edfico para alunos da modalidade da educa\u00e7\u00e3o especial.<\/p>\n\n\n\n<p>Vale salientar que a retomada das atividades de transfer\u00eancia ocorrer\u00e1 a partir do dia 1\u00ba de fevereiro de 2021. Caso haja procura pelo respons\u00e1vel ou aluno, quando maior de idade, que n\u00e3o participou da pr\u00e9-matr\u00edcula, ser\u00e3o oferecidas as vagas remanescentes, ap\u00f3s aloca\u00e7\u00e3o de todos os participantes dos processos de pr\u00e9-matr\u00edcula.<\/p>\n\n\n\n<p>Importante que os pais ou respons\u00e1veis que j\u00e1 fizeram a inscri\u00e7\u00e3o na pr\u00e9-matr\u00edcula fiquem atentos \u00e0 divulga\u00e7\u00e3o do resultado final, no dia 21 de janeiro. Ap\u00f3s a divulga\u00e7\u00e3o, eles dever\u00e3o entrar em contato com a Secretaria Municipal de Educa\u00e7\u00e3o pelos telefones (24) 2246-8683 \/ (24) 2246-8685 ou pelo e-mail seematriculaadistancia@gmail.com no prazo de tr\u00eas dias \u00fateis, para agendar o atendimento e efetivar a matr\u00edcula<\/p>\n\n\n\n<p><\/p>\n","protected":false},"excerpt":{"rendered":"<p>Termina na pr\u00f3xima sexta-feira (15) o prazo para inscri\u00e7\u00e3o na pr\u00e9-matr\u00edcula na rede municipal de<\/p>\n","protected":false},"author":2,"featured_media":9254,"comment_status":"open","ping_status":"open","sticky":false,"template":"","format":"standard","meta":{"footnotes":""},"categories":[12],"tags":[],"class_list":["post-9516","post","type-post","status-publish","format-standard","has-post-thumbnail","hentry","category-cidade"],"_links":{"self":[{"href":"https:\/\/tvc16.com\/portal\/wp-json\/wp\/v2\/posts\/9516","targetHints":{"allow":["GET"]}}],"collection":[{"href":"https:\/\/tvc16.com\/portal\/wp-json\/wp\/v2\/posts"}],"about":[{"href":"https:\/\/tvc16.com\/portal\/wp-json\/wp\/v2\/types\/post"}],"author":[{"embeddable":true,"href":"https:\/\/tvc16.com\/portal\/wp-json\/wp\/v2\/users\/2"}],"replies":[{"embeddable":true,"href":"https:\/\/tvc16.com\/portal\/wp-json\/wp\/v2\/comments?post=9516"}],"version-history":[{"count":1,"href":"https:\/\/tvc16.com\/portal\/wp-json\/wp\/v2\/posts\/9516\/revisions"}],"predecessor-version":[{"id":9517,"href":"https:\/\/tvc16.com\/portal\/wp-json\/wp\/v2\/posts\/9516\/revisions\/9517"}],"wp:featuredmedia":[{"embeddable":true,"href":"https:\/\/tvc16.com\/portal\/wp-json\/wp\/v2\/media\/9254"}],"wp:attachment":[{"href":"https:\/\/tvc16.com\/portal\/wp-json\/wp\/v2\/media?parent=9516"}],"wp:term":[{"taxonomy":"category","embeddable":true,"href":"https:\/\/tvc16.com\/portal\/wp-json\/wp\/v2\/categories?post=9516"},{"taxonomy":"post_tag","embeddable":true,"href":"https:\/\/tvc16.com\/portal\/wp-json\/wp\/v2\/tags?post=9516"}],"curies":[{"name":"wp","href":"https:\/\/api.w.org\/{rel}","templated":true}]}}