{"id":9519,"date":"2021-01-12T16:08:04","date_gmt":"2021-01-12T19:08:04","guid":{"rendered":"https:\/\/tvc16.com\/portal\/?p=9519"},"modified":"2021-01-12T16:12:40","modified_gmt":"2021-01-12T19:12:40","slug":"procurador-geral-do-municipio-e-presidente-da-cptrans-buscam-dialogo-com-manifestantes-para-garantir-restabelecimento-do-servico-de-transporte","status":"publish","type":"post","link":"https:\/\/tvc16.com\/portal\/2021\/01\/12\/procurador-geral-do-municipio-e-presidente-da-cptrans-buscam-dialogo-com-manifestantes-para-garantir-restabelecimento-do-servico-de-transporte\/","title":{"rendered":"Procurador Geral do Munic\u00edpio e presidente da CPTrans buscam di\u00e1logo com manifestantes para garantir restabelecimento do servi\u00e7o de transporte"},"content":{"rendered":"\n<p><\/p>\n\n\n\n<p>O Procurador Geral do Munic\u00edpio, F\u00e1bio Alves, e o presidente da Companhia Petropolitana de Tr\u00e2nsito e Transportes (CPTrans), Luciano Moreira, estiveram no in\u00edcio da tarde desta ter\u00e7a-feira (12) na garagem da empresa Cidade Real na busca de di\u00e1logo com representantes da empresa, do Sindicato dos Rodovi\u00e1rios e de manifestantes que paralisaram os servi\u00e7os pela manh\u00e3. O governo atua como intermediador nas negocia\u00e7\u00f5es para garantir que a opera\u00e7\u00e3o seja restabelecida.<br>No local, os representantes do Munic\u00edpio conversaram com funcion\u00e1rios e constataram que n\u00e3o h\u00e1 impedimento para a sa\u00edda dos ve\u00edculos. \u201cA informa\u00e7\u00e3o que recebemos \u00e9 que a empresa est\u00e1 chamando funcion\u00e1rios que n\u00e3o estavam na escala de hoje para substituir aqueles que paralisaram as atividades e que o servi\u00e7o ser\u00e1 retomado o mais rapidamente poss\u00edvel\u201d, afirmou Luciano Moreira.<br><\/p>\n","protected":false},"excerpt":{"rendered":"<p>O Procurador Geral do Munic\u00edpio, F\u00e1bio Alves, e o presidente da Companhia Petropolitana de Tr\u00e2nsito<\/p>\n","protected":false},"author":2,"featured_media":9520,"comment_status":"open","ping_status":"open","sticky":false,"template":"","format":"standard","meta":{"footnotes":""},"categories":[12],"tags":[],"class_list":["post-9519","post","type-post","status-publish","format-standard","has-post-thumbnail","hentry","category-cidade"],"_links":{"self":[{"href":"https:\/\/tvc16.com\/portal\/wp-json\/wp\/v2\/posts\/9519","targetHints":{"allow":["GET"]}}],"collection":[{"href":"https:\/\/tvc16.com\/portal\/wp-json\/wp\/v2\/posts"}],"about":[{"href":"https:\/\/tvc16.com\/portal\/wp-json\/wp\/v2\/types\/post"}],"author":[{"embeddable":true,"href":"https:\/\/tvc16.com\/portal\/wp-json\/wp\/v2\/users\/2"}],"replies":[{"embeddable":true,"href":"https:\/\/tvc16.com\/portal\/wp-json\/wp\/v2\/comments?post=9519"}],"version-history":[{"count":2,"href":"https:\/\/tvc16.com\/portal\/wp-json\/wp\/v2\/posts\/9519\/revisions"}],"predecessor-version":[{"id":9522,"href":"https:\/\/tvc16.com\/portal\/wp-json\/wp\/v2\/posts\/9519\/revisions\/9522"}],"wp:featuredmedia":[{"embeddable":true,"href":"https:\/\/tvc16.com\/portal\/wp-json\/wp\/v2\/media\/9520"}],"wp:attachment":[{"href":"https:\/\/tvc16.com\/portal\/wp-json\/wp\/v2\/media?parent=9519"}],"wp:term":[{"taxonomy":"category","embeddable":true,"href":"https:\/\/tvc16.com\/portal\/wp-json\/wp\/v2\/categories?post=9519"},{"taxonomy":"post_tag","embeddable":true,"href":"https:\/\/tvc16.com\/portal\/wp-json\/wp\/v2\/tags?post=9519"}],"curies":[{"name":"wp","href":"https:\/\/api.w.org\/{rel}","templated":true}]}}