{"id":9523,"date":"2021-01-12T20:27:33","date_gmt":"2021-01-12T23:27:33","guid":{"rendered":"https:\/\/tvc16.com\/portal\/?p=9523"},"modified":"2021-01-12T20:27:36","modified_gmt":"2021-01-12T23:27:36","slug":"produtores-rurais-de-petropolis-receberam-nesta-terca-feira-12-os-cheques-do-agrofundo-programa-do-governo-do-estado-que-oferece-emprestimos-a-juros-baixos-para-os-agricultores-o-evento-de-entrega","status":"publish","type":"post","link":"https:\/\/tvc16.com\/portal\/2021\/01\/12\/produtores-rurais-de-petropolis-receberam-nesta-terca-feira-12-os-cheques-do-agrofundo-programa-do-governo-do-estado-que-oferece-emprestimos-a-juros-baixos-para-os-agricultores-o-evento-de-entrega\/","title":{"rendered":"Produtores rurais de Petr\u00f3polis receberam nesta ter\u00e7a-feira (12) os cheques do Agrofundo, programa do governo do Estado que oferece empr\u00e9stimos a juros baixos para os agricultores. O evento de entrega contou com a presen\u00e7a do governador em exerc\u00edcio, Cl\u00e1udio Castro, e do prefeito interino Hingo Hammes, al\u00e9m da participa\u00e7\u00e3o de 10 produtores locais"},"content":{"rendered":"\n<p><\/p>\n\n\n\n<p>Al\u00e9m desses, outros 290 receber\u00e3o os recursos, somando R$ 1 milh\u00e3o de investimento do governo do Estado.<\/p>\n\n\n\n<p>\u201cNesse \u00faltimo ano com a pandemia, o setor de floricultura foi um dos mais afetados em todo o Estado. A ideia \u00e9 que os produtores utilizem os recursos do Agrofundo em investimento nos seus pr\u00f3prios neg\u00f3cios. Queremos fortalecer o setor e manter o crescimento da agropecu\u00e1ria em toda a Regi\u00e3o Serrana\u201d, disse Cl\u00e1udio Castro.<\/p>\n\n\n\n<figure class=\"wp-block-image size-large\"><img loading=\"lazy\" decoding=\"async\" width=\"1024\" height=\"682\" src=\"https:\/\/tvc16.com\/portal\/wp-content\/uploads\/2021\/01\/IMG-20210112-WA0125-1024x682.jpg\" alt=\"\" class=\"wp-image-9524\" srcset=\"https:\/\/tvc16.com\/portal\/wp-content\/uploads\/2021\/01\/IMG-20210112-WA0125-1024x682.jpg 1024w, https:\/\/tvc16.com\/portal\/wp-content\/uploads\/2021\/01\/IMG-20210112-WA0125-300x200.jpg 300w, https:\/\/tvc16.com\/portal\/wp-content\/uploads\/2021\/01\/IMG-20210112-WA0125-768x512.jpg 768w, https:\/\/tvc16.com\/portal\/wp-content\/uploads\/2021\/01\/IMG-20210112-WA0125-900x600.jpg 900w, https:\/\/tvc16.com\/portal\/wp-content\/uploads\/2021\/01\/IMG-20210112-WA0125.jpg 1280w\" sizes=\"auto, (max-width: 1024px) 100vw, 1024px\" \/><\/figure>\n\n\n\n<p>Com cerca de 800 produtores rurais no munic\u00edpio, uma das voca\u00e7\u00f5es de Petr\u00f3polis est\u00e1 na agricultura. O prefeito interino Hingo Hammes ressaltou a import\u00e2ncia do setor para a cidade. \u201cPrecisamos estimular, estar pr\u00f3ximo dos produtores e de quem mora nas \u00e1reas rurais da cidade. Vamos valorizar cada vez mais esse setor, t\u00e3o importante para a nossa cidade\u201d, pontuou Hingo.<\/p>\n\n\n\n<p>Jos\u00e9 Farroco da Costa, que mora no Caxambu, garante que o valor recebido vai ajudar sua produ\u00e7\u00e3o. \u201cCom a pandemia, infelizmente, n\u00f3s produtores sofremos muito. Esse valor vai ajudar, com certeza. A gente fica feliz com esse apoio, ser\u00e1 importante para todos n\u00f3s\u201d, garantiu.<\/p>\n\n\n\n<p>\u201cA Regi\u00e3o Serrana representa uma parcela relevante da nossa agropecu\u00e1ria e recebe tratamento especial da secretaria de Agricultura. Estamos investindo mais de R$ 1 milh\u00e3o de recursos da pasta. Um trabalho cont\u00ednuo, que n\u00e3o vai parar\u201d, explicou o secret\u00e1rio estadual de agricultura, Marcelo Queiroz.<\/p>\n\n\n\n<figure class=\"wp-block-image size-large\"><img loading=\"lazy\" decoding=\"async\" width=\"1024\" height=\"682\" src=\"https:\/\/tvc16.com\/portal\/wp-content\/uploads\/2021\/01\/IMG-20210112-WA0124-1024x682.jpg\" alt=\"\" class=\"wp-image-9525\" srcset=\"https:\/\/tvc16.com\/portal\/wp-content\/uploads\/2021\/01\/IMG-20210112-WA0124-1024x682.jpg 1024w, https:\/\/tvc16.com\/portal\/wp-content\/uploads\/2021\/01\/IMG-20210112-WA0124-300x200.jpg 300w, https:\/\/tvc16.com\/portal\/wp-content\/uploads\/2021\/01\/IMG-20210112-WA0124-768x512.jpg 768w, https:\/\/tvc16.com\/portal\/wp-content\/uploads\/2021\/01\/IMG-20210112-WA0124-900x600.jpg 900w, https:\/\/tvc16.com\/portal\/wp-content\/uploads\/2021\/01\/IMG-20210112-WA0124.jpg 1280w\" sizes=\"auto, (max-width: 1024px) 100vw, 1024px\" \/><\/figure>\n\n\n\n<p>Tamb\u00e9m estiveram presentes na entrega dos cheques do programa Agrofundo outros secret\u00e1rios de Estado, deputados estaduais e federais, al\u00e9m de vereadores e secret\u00e1rios municipais.<\/p>\n","protected":false},"excerpt":{"rendered":"<p>Al\u00e9m desses, outros 290 receber\u00e3o os recursos, somando R$ 1 milh\u00e3o de investimento do governo<\/p>\n","protected":false},"author":2,"featured_media":9526,"comment_status":"open","ping_status":"open","sticky":false,"template":"","format":"standard","meta":{"footnotes":""},"categories":[12],"tags":[],"class_list":["post-9523","post","type-post","status-publish","format-standard","has-post-thumbnail","hentry","category-cidade"],"_links":{"self":[{"href":"https:\/\/tvc16.com\/portal\/wp-json\/wp\/v2\/posts\/9523","targetHints":{"allow":["GET"]}}],"collection":[{"href":"https:\/\/tvc16.com\/portal\/wp-json\/wp\/v2\/posts"}],"about":[{"href":"https:\/\/tvc16.com\/portal\/wp-json\/wp\/v2\/types\/post"}],"author":[{"embeddable":true,"href":"https:\/\/tvc16.com\/portal\/wp-json\/wp\/v2\/users\/2"}],"replies":[{"embeddable":true,"href":"https:\/\/tvc16.com\/portal\/wp-json\/wp\/v2\/comments?post=9523"}],"version-history":[{"count":1,"href":"https:\/\/tvc16.com\/portal\/wp-json\/wp\/v2\/posts\/9523\/revisions"}],"predecessor-version":[{"id":9527,"href":"https:\/\/tvc16.com\/portal\/wp-json\/wp\/v2\/posts\/9523\/revisions\/9527"}],"wp:featuredmedia":[{"embeddable":true,"href":"https:\/\/tvc16.com\/portal\/wp-json\/wp\/v2\/media\/9526"}],"wp:attachment":[{"href":"https:\/\/tvc16.com\/portal\/wp-json\/wp\/v2\/media?parent=9523"}],"wp:term":[{"taxonomy":"category","embeddable":true,"href":"https:\/\/tvc16.com\/portal\/wp-json\/wp\/v2\/categories?post=9523"},{"taxonomy":"post_tag","embeddable":true,"href":"https:\/\/tvc16.com\/portal\/wp-json\/wp\/v2\/tags?post=9523"}],"curies":[{"name":"wp","href":"https:\/\/api.w.org\/{rel}","templated":true}]}}