{"id":9528,"date":"2021-01-12T20:33:20","date_gmt":"2021-01-12T23:33:20","guid":{"rendered":"https:\/\/tvc16.com\/portal\/?p=9528"},"modified":"2021-01-12T20:33:22","modified_gmt":"2021-01-12T23:33:22","slug":"governador-em-exercicio-do-estado-claudio-castro-lancou-as-intervencoes-na-rj-134-ao-lado-do-prefeito-interino-hingo-hammes-nesta-terca-feira-12","status":"publish","type":"post","link":"https:\/\/tvc16.com\/portal\/2021\/01\/12\/governador-em-exercicio-do-estado-claudio-castro-lancou-as-intervencoes-na-rj-134-ao-lado-do-prefeito-interino-hingo-hammes-nesta-terca-feira-12\/","title":{"rendered":"Governador em exerc\u00edcio do Estado, Cl\u00e1udio Castro, lan\u00e7ou as interven\u00e7\u00f5es na RJ-134 ao lado do prefeito interino, Hingo Hammes, nesta ter\u00e7a-feira (12)"},"content":{"rendered":"\n<p>As obras de recapeamento no trecho da Estrada Uni\u00e3o e Ind\u00fastria entre Pedro do Rio e Posse, a RJ-134, s\u00e3o estrat\u00e9gicas para beneficiar o setor agr\u00edcola e o turismo da regi\u00e3o. Quem garante \u00e9 o governador em exerc\u00edcio do Estado, Cl\u00e1udio Castro, que lan\u00e7ou as interven\u00e7\u00f5es ao lado do prefeito interino, Hingo Hammes, nesta ter\u00e7a-feira (12\/01). O investimento do governo do Estado \u00e9 de mais de R$ 21 milh\u00f5es, com melhorias em 14,4 quil\u00f4metros de extens\u00e3o.<\/p>\n\n\n\n<p>&#8220;A Regi\u00e3o Serrana tem voca\u00e7\u00e3o para o turismo e um potencial enorme no setor agr\u00edcola, mas, sem d\u00favida alguma, falta infraestrutura. Dessa forma, estaremos privilegiando o produtor rural, a ind\u00fastria, al\u00e9m do turismo e do com\u00e9rcio. Essa \u00e9 uma agenda voltada para o desenvolvimento econ\u00f4mico, que vai beneficiar o Estado como um todo\u201d, disse Cl\u00e1udio Castro.<\/p>\n\n\n\n<figure class=\"wp-block-image size-large\"><img loading=\"lazy\" decoding=\"async\" width=\"682\" height=\"1024\" src=\"https:\/\/tvc16.com\/portal\/wp-content\/uploads\/2021\/01\/IMG-20210112-WA0127-682x1024.jpg\" alt=\"\" class=\"wp-image-9529\" srcset=\"https:\/\/tvc16.com\/portal\/wp-content\/uploads\/2021\/01\/IMG-20210112-WA0127-682x1024.jpg 682w, https:\/\/tvc16.com\/portal\/wp-content\/uploads\/2021\/01\/IMG-20210112-WA0127-200x300.jpg 200w, https:\/\/tvc16.com\/portal\/wp-content\/uploads\/2021\/01\/IMG-20210112-WA0127-768x1152.jpg 768w, https:\/\/tvc16.com\/portal\/wp-content\/uploads\/2021\/01\/IMG-20210112-WA0127.jpg 853w\" sizes=\"auto, (max-width: 682px) 100vw, 682px\" \/><\/figure>\n\n\n\n<p>O prefeito interino, Hingo Hammes, destacou a import\u00e2ncia da RJ-134 para o munic\u00edpio, al\u00e9m de ressaltar a presen\u00e7a do governador no lan\u00e7amento das obras. &#8220;O apoio do governador em exerc\u00edcio, Cl\u00e1udio Castro, \u00e9 fundamental para Petr\u00f3polis. Outro fator importante \u00e9 que ele est\u00e1 na ponta, assistindo na pr\u00e1tica, os avan\u00e7os das obras e dos investimentos feitos no munic\u00edpio&#8221;, destacou Hingo Hammes.<\/p>\n\n\n\n<p>A previs\u00e3o de conclus\u00e3o das obras \u00e9 de seis meses. Durante os trabalhos, os trechos est\u00e3o utilizando o sistema de pare e siga. Segundo o secret\u00e1rio de Estado de Cidades, Uruan Cintra, as interven\u00e7\u00f5es na RJ-134 atender\u00e3o todos os 75 km da estrada. \u201cEsse lan\u00e7amento \u00e9 do primeiro trecho da pista, que ser\u00e1 atendida at\u00e9 Sapucaia. Vamos fazer essa obra em um total de quatro trechos. Os avan\u00e7os para o Estado ser\u00e3o diversos\u201d, garantiu.<\/p>\n\n\n\n<p>Tamb\u00e9m estiveram presentes no lan\u00e7amento das obras na RJ-134 outros secret\u00e1rios de Estado, deputados estaduais e federais, al\u00e9m de vereadores e secret\u00e1rios municipais.<\/p>\n","protected":false},"excerpt":{"rendered":"<p>As obras de recapeamento no trecho da Estrada Uni\u00e3o e Ind\u00fastria entre Pedro do Rio<\/p>\n","protected":false},"author":2,"featured_media":9530,"comment_status":"open","ping_status":"open","sticky":false,"template":"","format":"standard","meta":{"footnotes":""},"categories":[12],"tags":[],"class_list":["post-9528","post","type-post","status-publish","format-standard","has-post-thumbnail","hentry","category-cidade"],"_links":{"self":[{"href":"https:\/\/tvc16.com\/portal\/wp-json\/wp\/v2\/posts\/9528","targetHints":{"allow":["GET"]}}],"collection":[{"href":"https:\/\/tvc16.com\/portal\/wp-json\/wp\/v2\/posts"}],"about":[{"href":"https:\/\/tvc16.com\/portal\/wp-json\/wp\/v2\/types\/post"}],"author":[{"embeddable":true,"href":"https:\/\/tvc16.com\/portal\/wp-json\/wp\/v2\/users\/2"}],"replies":[{"embeddable":true,"href":"https:\/\/tvc16.com\/portal\/wp-json\/wp\/v2\/comments?post=9528"}],"version-history":[{"count":1,"href":"https:\/\/tvc16.com\/portal\/wp-json\/wp\/v2\/posts\/9528\/revisions"}],"predecessor-version":[{"id":9531,"href":"https:\/\/tvc16.com\/portal\/wp-json\/wp\/v2\/posts\/9528\/revisions\/9531"}],"wp:featuredmedia":[{"embeddable":true,"href":"https:\/\/tvc16.com\/portal\/wp-json\/wp\/v2\/media\/9530"}],"wp:attachment":[{"href":"https:\/\/tvc16.com\/portal\/wp-json\/wp\/v2\/media?parent=9528"}],"wp:term":[{"taxonomy":"category","embeddable":true,"href":"https:\/\/tvc16.com\/portal\/wp-json\/wp\/v2\/categories?post=9528"},{"taxonomy":"post_tag","embeddable":true,"href":"https:\/\/tvc16.com\/portal\/wp-json\/wp\/v2\/tags?post=9528"}],"curies":[{"name":"wp","href":"https:\/\/api.w.org\/{rel}","templated":true}]}}