{"id":9532,"date":"2021-01-12T20:40:21","date_gmt":"2021-01-12T23:40:21","guid":{"rendered":"https:\/\/tvc16.com\/portal\/?p=9532"},"modified":"2021-01-12T20:40:24","modified_gmt":"2021-01-12T23:40:24","slug":"secretario-da-turispetro-samir-el-ghaoui-se-reuniu-na-manha-desta-terca-feira-12-com-representantes-do-governo-do-estado-na-pousada-pedra-bonita-na-br-040-onde-discutiu-uma-serie-de-acoes-para-im","status":"publish","type":"post","link":"https:\/\/tvc16.com\/portal\/2021\/01\/12\/secretario-da-turispetro-samir-el-ghaoui-se-reuniu-na-manha-desta-terca-feira-12-com-representantes-do-governo-do-estado-na-pousada-pedra-bonita-na-br-040-onde-discutiu-uma-serie-de-acoes-para-im\/","title":{"rendered":"Secret\u00e1rio da Turispetro, Samir El Ghaoui se reuniu na manh\u00e3 desta ter\u00e7a-feira (12) com representantes do Governo do Estado na Pousada Pedra Bonita, na BR-040, onde discutiu uma s\u00e9rie de a\u00e7\u00f5es para impulsionar o turismo em Petr\u00f3polis nos pr\u00f3ximos anos"},"content":{"rendered":"\n<p>Ao lado de empres\u00e1rios locais do Petr\u00f3polis Convention &amp; Visitors Bureau, Samir levou ao comit\u00ea de dirigentes do Governo de Cl\u00e1udio Castro uma s\u00e9rie de propostas para fortalecer o turismo municipal. No encontro, al\u00e9m do secret\u00e1rio, tamb\u00e9m estiveram presentes representantes da Conselho Municipal de Turismo (Comtur) e empres\u00e1rios de diferentes setores da economia, que conversaram com o secret\u00e1rio de Estado de Turismo, Gustavo Tutuca e o Presidente do TurisRio, S\u00e9rgio Ricardo.<\/p>\n\n\n\n<p>Na pauta, projetos de infraestrutura como a subida da Serra, a solicita\u00e7\u00e3o de uma verba de R$ 900 mil para o desenvolvimento de a\u00e7\u00f5es que tamb\u00e9m ir\u00e3o beneficiar as cidades como Teres\u00f3polis e Nova Friburgo e a volta da chamada \u201cRota das Cervejarias\u201d. Uma outra sugest\u00e3o foi a regulariza\u00e7\u00e3o de um hor\u00e1rio de subida da serra \u00e0s sextas-feiras, cujos hor\u00e1rios aliviariam turistas e moradores de Petr\u00f3polis neste dia importante da semana.<\/p>\n\n\n\n<p><\/p>\n\n\n\n<figure class=\"wp-block-image size-large\"><img loading=\"lazy\" decoding=\"async\" width=\"1024\" height=\"682\" src=\"https:\/\/tvc16.com\/portal\/wp-content\/uploads\/2021\/01\/IMG-20210112-WA0139-1024x682.jpg\" alt=\"\" class=\"wp-image-9533\" srcset=\"https:\/\/tvc16.com\/portal\/wp-content\/uploads\/2021\/01\/IMG-20210112-WA0139-1024x682.jpg 1024w, https:\/\/tvc16.com\/portal\/wp-content\/uploads\/2021\/01\/IMG-20210112-WA0139-300x200.jpg 300w, https:\/\/tvc16.com\/portal\/wp-content\/uploads\/2021\/01\/IMG-20210112-WA0139-768x512.jpg 768w, https:\/\/tvc16.com\/portal\/wp-content\/uploads\/2021\/01\/IMG-20210112-WA0139-900x600.jpg 900w, https:\/\/tvc16.com\/portal\/wp-content\/uploads\/2021\/01\/IMG-20210112-WA0139.jpg 1280w\" sizes=\"auto, (max-width: 1024px) 100vw, 1024px\" \/><\/figure>\n\n\n\n<p>Ao final do encontro, Samir valorizou a reuni\u00e3o com membros do Governo do Estado e diz que os pleitos petropolitanos servem para fortalecer os la\u00e7os entre as partes.<\/p>\n\n\n\n<p>\u201cA aproxima\u00e7\u00e3o com o Governo do Estado ser\u00e1 importante para Petr\u00f3polis, porque desenvolver\u00e1 o turismo do munic\u00edpio, gerando dividendos que certamente v\u00e3o aquecer o setor\u201d, completou o secret\u00e1rio de turismo, que sugeriu, ainda, que Petr\u00f3polis seja constitu\u00edda como uma embaixada do turismo do Rio de Janeiro.<\/p>\n","protected":false},"excerpt":{"rendered":"<p>Ao lado de empres\u00e1rios locais do Petr\u00f3polis Convention &amp; Visitors Bureau, Samir levou ao comit\u00ea<\/p>\n","protected":false},"author":2,"featured_media":9534,"comment_status":"open","ping_status":"open","sticky":false,"template":"","format":"standard","meta":{"footnotes":""},"categories":[12],"tags":[],"class_list":["post-9532","post","type-post","status-publish","format-standard","has-post-thumbnail","hentry","category-cidade"],"_links":{"self":[{"href":"https:\/\/tvc16.com\/portal\/wp-json\/wp\/v2\/posts\/9532","targetHints":{"allow":["GET"]}}],"collection":[{"href":"https:\/\/tvc16.com\/portal\/wp-json\/wp\/v2\/posts"}],"about":[{"href":"https:\/\/tvc16.com\/portal\/wp-json\/wp\/v2\/types\/post"}],"author":[{"embeddable":true,"href":"https:\/\/tvc16.com\/portal\/wp-json\/wp\/v2\/users\/2"}],"replies":[{"embeddable":true,"href":"https:\/\/tvc16.com\/portal\/wp-json\/wp\/v2\/comments?post=9532"}],"version-history":[{"count":1,"href":"https:\/\/tvc16.com\/portal\/wp-json\/wp\/v2\/posts\/9532\/revisions"}],"predecessor-version":[{"id":9535,"href":"https:\/\/tvc16.com\/portal\/wp-json\/wp\/v2\/posts\/9532\/revisions\/9535"}],"wp:featuredmedia":[{"embeddable":true,"href":"https:\/\/tvc16.com\/portal\/wp-json\/wp\/v2\/media\/9534"}],"wp:attachment":[{"href":"https:\/\/tvc16.com\/portal\/wp-json\/wp\/v2\/media?parent=9532"}],"wp:term":[{"taxonomy":"category","embeddable":true,"href":"https:\/\/tvc16.com\/portal\/wp-json\/wp\/v2\/categories?post=9532"},{"taxonomy":"post_tag","embeddable":true,"href":"https:\/\/tvc16.com\/portal\/wp-json\/wp\/v2\/tags?post=9532"}],"curies":[{"name":"wp","href":"https:\/\/api.w.org\/{rel}","templated":true}]}}