{"id":9536,"date":"2021-01-12T20:58:28","date_gmt":"2021-01-12T23:58:28","guid":{"rendered":"https:\/\/tvc16.com\/portal\/?p=9536"},"modified":"2021-01-12T20:58:31","modified_gmt":"2021-01-12T23:58:31","slug":"petropolis-ganhou-nesta-terca-feira-12-uma-unidade-da-casa-do-trabalhador-o-espaco-foi-entregue-pelo-governador-em-exercicio-claudio-castro-e-o-prefeito-interino-hingo-hammes","status":"publish","type":"post","link":"https:\/\/tvc16.com\/portal\/2021\/01\/12\/petropolis-ganhou-nesta-terca-feira-12-uma-unidade-da-casa-do-trabalhador-o-espaco-foi-entregue-pelo-governador-em-exercicio-claudio-castro-e-o-prefeito-interino-hingo-hammes\/","title":{"rendered":"Petr\u00f3polis ganhou nesta ter\u00e7a-feira (12) uma unidade da Casa do Trabalhador. O espa\u00e7o foi entregue pelo governador em exerc\u00edcio, Claudio Castro, e o prefeito interino Hingo Hammes"},"content":{"rendered":"\n<p>Essa \u00e9 a segunda unidade da Casa do Trabalhador na Regi\u00e3o Serrana (a primeira foi inaugurada em Nova Friburgo), instalada no antigo posto do Detran, no Terminal do Centro. O secret\u00e1rio de Trabalho e Renda do Estado, Capit\u00e3o Paulo Teixeira, tamb\u00e9m participou da entrega do equipamento.<\/p>\n\n\n\n<p>A Casa do Trabalhador vai reunir todas as atividades oferecidos pelo Detra, com atividades que visam a inser\u00e7\u00e3o, reinser\u00e7\u00e3o e manuten\u00e7\u00e3o no mercado de trabalho, atrav\u00e9s da qualifica\u00e7\u00e3o e capacita\u00e7\u00e3o dos cidad\u00e3os, realizadas por meio de parcerias com institui\u00e7\u00f5es e indiv\u00edduos formadores de ensino. Ap\u00f3s a entrega, a unidade ser\u00e1 aberta ao p\u00fablico na quarta-feira (14).<\/p>\n\n\n\n<p>&#8220;Agrade\u00e7o a todos que ajudaram a montar esse espa\u00e7o, as equipes envolvidas nessa empreitada. A Casa do Trabalhador vai ajudar o jovem que procura o primeiro emprego e tamb\u00e9m quem est\u00e1 atr\u00e1s de novas oportunidades no mercado. Ser\u00e3o oferecidos cursos de qualifica\u00e7\u00e3o, balc\u00e3o de empregos e emiss\u00e3o da carteira de trabalho&#8221;, destaca o prefeito interino Hingo Hammes.<\/p>\n\n\n\n<p>O secret\u00e1rio de Desenvolvimento Econ\u00f4mico, Marcelo Soares, explica que o novo espa\u00e7o \u00e9 mais amplo e oferece acessibilidade. \u201cDessa maneira, diversos servi\u00e7os, como a emiss\u00e3o da carteira de identidade, dicas de como montar curr\u00edculo e a retirada das d\u00favidas sobre o Balc\u00e3o de Empregos da Prefeitura, estar\u00e3o dispon\u00edveis em um \u00fanico lugar, facilitando a vida dos petropolitanos\u201d, disse.<\/p>\n\n\n\n<p>Al\u00e9m disso, a unidade oferece dicas de como montar um curr\u00edculo e de como se preparar para uma entrevista de emprego\/est\u00e1gio\/jovem aprendiz, entre outros servi\u00e7os. Atualmente, existem quatro unidades da Casa do Trabalhador, sendo tr\u00eas localizadas no munic\u00edpio do Rio de Janeiro, na Ilha do Governador, Manguinhos e Shopping Guadalupe, e uma no munic\u00edpio de Itatiaia<\/p>\n","protected":false},"excerpt":{"rendered":"<p>Essa \u00e9 a segunda unidade da Casa do Trabalhador na Regi\u00e3o Serrana (a primeira foi<\/p>\n","protected":false},"author":2,"featured_media":9537,"comment_status":"open","ping_status":"open","sticky":false,"template":"","format":"standard","meta":{"footnotes":""},"categories":[12],"tags":[],"class_list":["post-9536","post","type-post","status-publish","format-standard","has-post-thumbnail","hentry","category-cidade"],"_links":{"self":[{"href":"https:\/\/tvc16.com\/portal\/wp-json\/wp\/v2\/posts\/9536","targetHints":{"allow":["GET"]}}],"collection":[{"href":"https:\/\/tvc16.com\/portal\/wp-json\/wp\/v2\/posts"}],"about":[{"href":"https:\/\/tvc16.com\/portal\/wp-json\/wp\/v2\/types\/post"}],"author":[{"embeddable":true,"href":"https:\/\/tvc16.com\/portal\/wp-json\/wp\/v2\/users\/2"}],"replies":[{"embeddable":true,"href":"https:\/\/tvc16.com\/portal\/wp-json\/wp\/v2\/comments?post=9536"}],"version-history":[{"count":1,"href":"https:\/\/tvc16.com\/portal\/wp-json\/wp\/v2\/posts\/9536\/revisions"}],"predecessor-version":[{"id":9538,"href":"https:\/\/tvc16.com\/portal\/wp-json\/wp\/v2\/posts\/9536\/revisions\/9538"}],"wp:featuredmedia":[{"embeddable":true,"href":"https:\/\/tvc16.com\/portal\/wp-json\/wp\/v2\/media\/9537"}],"wp:attachment":[{"href":"https:\/\/tvc16.com\/portal\/wp-json\/wp\/v2\/media?parent=9536"}],"wp:term":[{"taxonomy":"category","embeddable":true,"href":"https:\/\/tvc16.com\/portal\/wp-json\/wp\/v2\/categories?post=9536"},{"taxonomy":"post_tag","embeddable":true,"href":"https:\/\/tvc16.com\/portal\/wp-json\/wp\/v2\/tags?post=9536"}],"curies":[{"name":"wp","href":"https:\/\/api.w.org\/{rel}","templated":true}]}}