{"id":9539,"date":"2021-01-12T22:22:06","date_gmt":"2021-01-13T01:22:06","guid":{"rendered":"https:\/\/tvc16.com\/portal\/?p=9539"},"modified":"2021-01-12T22:22:08","modified_gmt":"2021-01-13T01:22:08","slug":"governo-do-estado-anuncia-revitalizacao-de-sete-rodovias-no-interior-fluminense-claudio-castro-ainda-participou-de-entregas-do-programa-agrofundo-e-se-reuniu-com-empresarios-em-petropolis","status":"publish","type":"post","link":"https:\/\/tvc16.com\/portal\/2021\/01\/12\/governo-do-estado-anuncia-revitalizacao-de-sete-rodovias-no-interior-fluminense-claudio-castro-ainda-participou-de-entregas-do-programa-agrofundo-e-se-reuniu-com-empresarios-em-petropolis\/","title":{"rendered":"Governo do Estado anuncia revitaliza\u00e7\u00e3o de sete rodovias no interior fluminense. Cl\u00e1udio Castro ainda participou de entregas do Programa Agrofundo e se reuniu com empres\u00e1rios, em Petr\u00f3polis"},"content":{"rendered":"\n<p><br>No terceiro e \u00faltimo dia do Governo Presente na Serra, o governador em exerc\u00edcio Cl\u00e1udio Castro anunciou, na tarde desta ter\u00e7a (12), a revitaliza\u00e7\u00e3o de sete rodovias estaduais e entregou cheques simb\u00f3licos no valor total de R$ 100 mil para agricultores da Regi\u00e3o Serrana. S\u00f3 na RJ-134, no trecho de Pedro do Rio \u00e0 Posse, o investimento total da administra\u00e7\u00e3o fluminense, atrav\u00e9s do Departamento de Estradas de Rodagem (DER), ligado \u00e0 Secretaria das Cidades, \u00e9 de R$ 21,7 milh\u00f5es.<\/p>\n\n\n\n<p>&#8211; Estamos trabalhando para criar um c\u00edrculo virtuoso. O investimento em infraestrutura rodovi\u00e1ria beneficia o produtor e a ind\u00fastria. E por outro lado, fortalecemos o trabalhador local com o Programa Agrofundo, que j\u00e1 atendeu a 125 produtores de 13 munic\u00edpios, totalizando mais de R$1 milh\u00e3o de cr\u00e9ditos concedidos &#8211; explica Castro, destacando a import\u00e2ncia da Regi\u00e3o Serrana no cen\u00e1rio econ\u00f4mico do estado &#8211; Estamos falando de uma \u00e1rea que re\u00fane uma s\u00e9rie de voca\u00e7\u00f5es. H\u00e1 ind\u00fastria, com\u00e9rcio, agricultura e turismo. Mas sabemos que ainda n\u00e3o h\u00e1 uma estrutura condizente com o tamanho das voca\u00e7\u00f5es da regi\u00e3o. Conversamos sobre isso com os empres\u00e1rios na sede da Firjan aqui em Petr\u00f3polis e vamos trabalhar para resolver isso &#8211; afirmou Cl\u00e1udio Castro.<\/p>\n\n\n\n<p><\/p>\n\n\n\n<p>No primeiro evento na cidade de Petr\u00f3polis, Castro anunciou tamb\u00e9m a revitaliza\u00e7\u00e3o de outras seis rodovias do Rio de Janeiro. A interven\u00e7\u00e3o da RJ-242 (Sumidouro e Campinas) j\u00e1 come\u00e7a no m\u00eas que vem, enquanto a da RJ-123 (trecho Secret\u00e1rio e Pedro do Rio) tem previs\u00e3o de in\u00edcio em abril. Nas demais estradas as obras est\u00e3o agendadas para come\u00e7ar em maio. S\u00e3o elas: RJ-131 (Tr\u00eas Rios e Levy Gasparian), RJ-151 (Afonso Arinos \u00e0 Levy Gasparian), RJ-148 (Vargem Grande e Sumidouro) e RJ-156 (Sumidouro \u00e0 Volta do Pi\u00e3o) &#8211; t\u00eam previs\u00e3o de in\u00edcio em maio.<\/p>\n\n\n\n<p>&#8211; No ano passado foi estabelecido um conv\u00eanio do DER com as prefeituras, no qual o departamento entra com o material e as prefeituras o aplicam &#8211; explicou o secret\u00e1rio das Cidades, Uruan Andrade.<\/p>\n\n\n\n<p>Durante agenda com o setor da Agricultura, o governador em exerc\u00edcio, al\u00e9m de prestigiar os floricultores da Regi\u00e3o Serrana com a entrega de cr\u00e9dito, concedeu a certifica\u00e7\u00e3o &#8220;Parceiro da Agropecu\u00e1ria Fluminense&#8221; ao \u2018JAE\u00c9 Market\u2019. Na pandemia, a plataforma virtual beneficiou mais de 160 produtores rurais, com 20 toneladas de alimentos comercializados e 10 toneladas de alimentos doados. Essa parceria do Governo do Estado com a empresa ajudou a escoar a produ\u00e7\u00e3o do campo, incentivou a agricultura familiar no estado e abriu novos mercados para os produtores.<\/p>\n\n\n\n<p>Presidente da Federa\u00e7\u00e3o da Agricultura do Estado do Rio de Janeiro (Faerj), Rodolfo Tavares agradeceu o apoio que o Governo do Estado tem oferecido \u00e0 categoria.<\/p>\n\n\n\n<p>&#8211; A aten\u00e7\u00e3o que o Estado tem dado ao interior e ao setor da agropecu\u00e1ria \u00e9 muito importante para n\u00f3s. \u00c9 uma esp\u00e9cie de retribui\u00e7\u00e3o ao esfor\u00e7o que o produtor rural faz para abastecer a popula\u00e7\u00e3o, sobretudo no momento da pandemia &#8211; disse.<\/p>\n\n\n\n<p>A cerim\u00f4nia ainda contou com a entrega do selo \u2018Pet Friendly\u2019 ao hotel Le Canton, localizado em Teres\u00f3polis. O estabelecimento \u00e9 o primeiro da Regi\u00e3o Serrana a receber a certifica\u00e7\u00e3o que chancela a entrada e perman\u00eancia de animais em estabelecimentos da rede hoteleira do estado. At\u00e9 o momento, mais de 40 hot\u00e9is j\u00e1 aderiram ao programa da RJPET, da Secretaria de Agricultura.<\/p>\n\n\n\n<figure class=\"wp-block-image size-large\"><img loading=\"lazy\" decoding=\"async\" width=\"472\" height=\"1024\" src=\"https:\/\/tvc16.com\/portal\/wp-content\/uploads\/2021\/01\/Monica-Paixao-Selo-Amigo-Pet-Le-Canton-.jpeg\" alt=\"\" class=\"wp-image-9541\" srcset=\"https:\/\/tvc16.com\/portal\/wp-content\/uploads\/2021\/01\/Monica-Paixao-Selo-Amigo-Pet-Le-Canton-.jpeg 472w, https:\/\/tvc16.com\/portal\/wp-content\/uploads\/2021\/01\/Monica-Paixao-Selo-Amigo-Pet-Le-Canton--138x300.jpeg 138w\" sizes=\"auto, (max-width: 472px) 100vw, 472px\" \/><\/figure>\n\n\n\n<p><\/p>\n","protected":false},"excerpt":{"rendered":"<p>No terceiro e \u00faltimo dia do Governo Presente na Serra, o governador em exerc\u00edcio Cl\u00e1udio<\/p>\n","protected":false},"author":2,"featured_media":9542,"comment_status":"open","ping_status":"open","sticky":false,"template":"","format":"standard","meta":{"footnotes":""},"categories":[12],"tags":[],"class_list":["post-9539","post","type-post","status-publish","format-standard","has-post-thumbnail","hentry","category-cidade"],"_links":{"self":[{"href":"https:\/\/tvc16.com\/portal\/wp-json\/wp\/v2\/posts\/9539","targetHints":{"allow":["GET"]}}],"collection":[{"href":"https:\/\/tvc16.com\/portal\/wp-json\/wp\/v2\/posts"}],"about":[{"href":"https:\/\/tvc16.com\/portal\/wp-json\/wp\/v2\/types\/post"}],"author":[{"embeddable":true,"href":"https:\/\/tvc16.com\/portal\/wp-json\/wp\/v2\/users\/2"}],"replies":[{"embeddable":true,"href":"https:\/\/tvc16.com\/portal\/wp-json\/wp\/v2\/comments?post=9539"}],"version-history":[{"count":1,"href":"https:\/\/tvc16.com\/portal\/wp-json\/wp\/v2\/posts\/9539\/revisions"}],"predecessor-version":[{"id":9544,"href":"https:\/\/tvc16.com\/portal\/wp-json\/wp\/v2\/posts\/9539\/revisions\/9544"}],"wp:featuredmedia":[{"embeddable":true,"href":"https:\/\/tvc16.com\/portal\/wp-json\/wp\/v2\/media\/9542"}],"wp:attachment":[{"href":"https:\/\/tvc16.com\/portal\/wp-json\/wp\/v2\/media?parent=9539"}],"wp:term":[{"taxonomy":"category","embeddable":true,"href":"https:\/\/tvc16.com\/portal\/wp-json\/wp\/v2\/categories?post=9539"},{"taxonomy":"post_tag","embeddable":true,"href":"https:\/\/tvc16.com\/portal\/wp-json\/wp\/v2\/tags?post=9539"}],"curies":[{"name":"wp","href":"https:\/\/api.w.org\/{rel}","templated":true}]}}