{"id":9551,"date":"2021-01-13T16:48:54","date_gmt":"2021-01-13T19:48:54","guid":{"rendered":"https:\/\/tvc16.com\/portal\/?p=9551"},"modified":"2021-01-13T16:48:57","modified_gmt":"2021-01-13T19:48:57","slug":"em-reuniao-com-governador-industriais-da-firjan-pedem-investimentos-em-infraestrutura-em-petropolis-governador-em-exercicio-claudio-castro-prometeu-investir-em-melhoria-nas-estradas","status":"publish","type":"post","link":"https:\/\/tvc16.com\/portal\/2021\/01\/13\/em-reuniao-com-governador-industriais-da-firjan-pedem-investimentos-em-infraestrutura-em-petropolis-governador-em-exercicio-claudio-castro-prometeu-investir-em-melhoria-nas-estradas\/","title":{"rendered":"Em reuni\u00e3o com governador, industriais da Firjan pedem investimentos em infraestrutura. Em Petr\u00f3polis, governador em exerc\u00edcio, Claudio Castro, prometeu investir em melhoria nas estradas"},"content":{"rendered":"\n<p><br>Em sua passagem pela Regi\u00e3o Serrana, o governador em exerc\u00edcio, Claudio Castro, se reuniu com empres\u00e1rios da ind\u00fastria de Petr\u00f3polis e de Teres\u00f3polis, nesta ter\u00e7a-feira, dia 12, na sede da Firjan Serrana. No encontro promovido pela Firjan, os l\u00edderes industriais da Serra pediram investimentos em infraestrutura, log\u00edstica, mobilidade e seguran\u00e7a que possam melhorar a competitividade das empresas, fomentar neg\u00f3cios e contribuir para o crescimento dos munic\u00edpios. Parte das propostas integra o\u00a0<strong>Mapa do Desenvolvimento do Estado do Rio de Janeiro 2016-2025<\/strong>, agenda estrat\u00e9gica constru\u00edda pelos empres\u00e1rios da Firjan com solu\u00e7\u00f5es para os entraves ao desenvolvimento econ\u00f4mico e social das regi\u00f5es fluminenses.\u00a0<\/p>\n\n\n\n<figure class=\"wp-block-image size-large\"><img loading=\"lazy\" decoding=\"async\" width=\"1024\" height=\"682\" src=\"https:\/\/tvc16.com\/portal\/wp-content\/uploads\/2021\/01\/21f56616-ae0e-4590-841e-28d2facd6070-1024x682.jpg\" alt=\"\" class=\"wp-image-9552\" srcset=\"https:\/\/tvc16.com\/portal\/wp-content\/uploads\/2021\/01\/21f56616-ae0e-4590-841e-28d2facd6070-1024x682.jpg 1024w, https:\/\/tvc16.com\/portal\/wp-content\/uploads\/2021\/01\/21f56616-ae0e-4590-841e-28d2facd6070-300x200.jpg 300w, https:\/\/tvc16.com\/portal\/wp-content\/uploads\/2021\/01\/21f56616-ae0e-4590-841e-28d2facd6070-768x512.jpg 768w, https:\/\/tvc16.com\/portal\/wp-content\/uploads\/2021\/01\/21f56616-ae0e-4590-841e-28d2facd6070-900x600.jpg 900w, https:\/\/tvc16.com\/portal\/wp-content\/uploads\/2021\/01\/21f56616-ae0e-4590-841e-28d2facd6070.jpg 1280w\" sizes=\"auto, (max-width: 1024px) 100vw, 1024px\" \/><\/figure>\n\n\n\n<p><\/p>\n\n\n\n<p>O\u00a0<strong>presidente da Firjan Serrana, Julio Talon<\/strong>, entregou um documento ao governador e enfatizou que conta com o apoio do executivo estadual em rela\u00e7\u00e3o \u00e0\u00a0<strong>concess\u00e3o da rodovia BR-040<\/strong>. \u201cMesmo sabendo que a decis\u00e3o \u00e9 da Uni\u00e3o, queremos o apoio do governador para que use sua influ\u00eancia junto ao Planalto, ANTT e deputados do Rio para viabilizar todas as necessidades em torno do tema BR-040, que \u00e9 prioridade em todas as discuss\u00f5es. Preocupa-nos muito o destino das nossas cidades, quando o principal eixo rodovi\u00e1rio de liga\u00e7\u00e3o entre Rio e Minas Gerais tem futuro indefinido\u201d, disse.<\/p>\n\n\n\n<p><\/p>\n\n\n\n<figure class=\"wp-block-image size-large\"><img loading=\"lazy\" decoding=\"async\" width=\"1024\" height=\"682\" src=\"https:\/\/tvc16.com\/portal\/wp-content\/uploads\/2021\/01\/4d405935-e88f-4e22-85fb-7bb66c96b3a9-1024x682.jpg\" alt=\"\" class=\"wp-image-9555\" srcset=\"https:\/\/tvc16.com\/portal\/wp-content\/uploads\/2021\/01\/4d405935-e88f-4e22-85fb-7bb66c96b3a9-1024x682.jpg 1024w, https:\/\/tvc16.com\/portal\/wp-content\/uploads\/2021\/01\/4d405935-e88f-4e22-85fb-7bb66c96b3a9-300x200.jpg 300w, https:\/\/tvc16.com\/portal\/wp-content\/uploads\/2021\/01\/4d405935-e88f-4e22-85fb-7bb66c96b3a9-768x512.jpg 768w, https:\/\/tvc16.com\/portal\/wp-content\/uploads\/2021\/01\/4d405935-e88f-4e22-85fb-7bb66c96b3a9-900x600.jpg 900w, https:\/\/tvc16.com\/portal\/wp-content\/uploads\/2021\/01\/4d405935-e88f-4e22-85fb-7bb66c96b3a9.jpg 1280w\" sizes=\"auto, (max-width: 1024px) 100vw, 1024px\" \/><\/figure>\n\n\n\n<p><br>Entre as obras priorit\u00e1rias est\u00e3o a melhoria nos acessos \u00e0s \u00e1reas industriais, principalmente, ao distrito industrial da Posse e a&nbsp;<strong>liga\u00e7\u00e3o Bingen-Quitandinha<\/strong>;&nbsp;<strong>adequa\u00e7\u00f5es na RJ-130<\/strong>, que liga Teres\u00f3polis a Nova Friburgo; e a&nbsp;<strong>constru\u00e7\u00e3o do contorno de Teres\u00f3polis<\/strong>, que resolveria um gargalo de mobilidade dentro da cidade e agilizaria o deslocamento para outros munic\u00edpios da Regi\u00e3o Serrana. A instabilidade e as interrup\u00e7\u00f5es no fornecimento de energia el\u00e9trica e a qualidade da banda larga fornecida tamb\u00e9m foram citadas no documento. A preocupa\u00e7\u00e3o s\u00e3o as oscila\u00e7\u00f5es que prejudicam o desenvolvimento de projetos de alta precis\u00e3o do Laborat\u00f3rio Nacional de Computa\u00e7\u00e3o Cientifica (LNCC) e da instala\u00e7\u00e3o e amplia\u00e7\u00e3o do polo tecnol\u00f3gico do Serratec.<\/p>\n\n\n\n<p><br>Os empres\u00e1rios tamb\u00e9m pediram investimentos para a amplia\u00e7\u00e3o do sistema de preven\u00e7\u00e3o, monitoramento e rea\u00e7\u00e3o a eventos clim\u00e1ticos, al\u00e9m da constru\u00e7\u00e3o de centros de coleta e tratamento de res\u00edduos urbanos e industriais e, a adequa\u00e7\u00e3o da infraestrutura de saneamento b\u00e1sico. Em rela\u00e7\u00e3o a seguran\u00e7a, tema que tem preocupado cada vez moradores e empres\u00e1rios, a proposta \u00e9 integrar as c\u00e2meras de vigil\u00e2ncia da iniciativa privada ao sistema de monitoramento das for\u00e7as de seguran\u00e7a, ampliando a \u00e1rea de cobertura.<\/p>\n\n\n\n<p>Ap\u00f3s ouvir os pleitos das lideran\u00e7as industriais, Castro disse que h\u00e1 uma d\u00edvida hist\u00f3rica com a infraestrutura de Petr\u00f3polis e que atuar\u00e1 junto ao Minist\u00e9rio do Planejamento para a retomada imediata das obras da&nbsp;<strong>nova pista de subida da BR-040<\/strong>, paralisada desde 2016. Em troca, o governador pretender destinar R$ 45 milh\u00f5es j\u00e1 garantidos por emendas parlamentares para a manuten\u00e7\u00e3o da via.<\/p>\n\n\n\n<p>O governador em exerc\u00edcio tamb\u00e9m garantiu que boa parte do valor recebido com a concess\u00e3o da Cedae ser\u00e1 revertida para a infraestrutura estadual. \u201cA venda da Cedae vai dar capacidade de investimento e desenvolvimento econ\u00f4mico para o Rio\u201d, resumiu. &nbsp;<\/p>\n\n\n\n<p>Ainda para 2021, Castro anunciou&nbsp;<strong>obras de revitaliza\u00e7\u00e3o nas rodovias<\/strong>&nbsp;RJ-134 (no trecho Pedro do Rio \u2013 Posse \u2013 S\u00e3o Jos\u00e9 do Vale do Rio Preto), na RJ-123 (entre Secret\u00e1rio e Pedro do Rio), na RJ-131 (entre Tr\u00eas Rios e Levy Gasparian) e na RJ-151 (Afonso Arinos &#8211; Levy Gasparian). \u201c\u00c9 a infraestrutura que privilegia o produtor e a ind\u00fastria. Esta agenda tem foco no desenvolvimento econ\u00f4mico. A Regi\u00e3o Serrana \u00e9 important\u00edssima, re\u00fane uma s\u00e9rie de voca\u00e7\u00f5es do estado\u201d, destacou.<\/p>\n","protected":false},"excerpt":{"rendered":"<p>Em sua passagem pela Regi\u00e3o Serrana, o governador em exerc\u00edcio, Claudio Castro, se reuniu com<\/p>\n","protected":false},"author":2,"featured_media":9554,"comment_status":"open","ping_status":"open","sticky":false,"template":"","format":"standard","meta":{"footnotes":""},"categories":[12],"tags":[],"class_list":["post-9551","post","type-post","status-publish","format-standard","has-post-thumbnail","hentry","category-cidade"],"_links":{"self":[{"href":"https:\/\/tvc16.com\/portal\/wp-json\/wp\/v2\/posts\/9551","targetHints":{"allow":["GET"]}}],"collection":[{"href":"https:\/\/tvc16.com\/portal\/wp-json\/wp\/v2\/posts"}],"about":[{"href":"https:\/\/tvc16.com\/portal\/wp-json\/wp\/v2\/types\/post"}],"author":[{"embeddable":true,"href":"https:\/\/tvc16.com\/portal\/wp-json\/wp\/v2\/users\/2"}],"replies":[{"embeddable":true,"href":"https:\/\/tvc16.com\/portal\/wp-json\/wp\/v2\/comments?post=9551"}],"version-history":[{"count":1,"href":"https:\/\/tvc16.com\/portal\/wp-json\/wp\/v2\/posts\/9551\/revisions"}],"predecessor-version":[{"id":9556,"href":"https:\/\/tvc16.com\/portal\/wp-json\/wp\/v2\/posts\/9551\/revisions\/9556"}],"wp:featuredmedia":[{"embeddable":true,"href":"https:\/\/tvc16.com\/portal\/wp-json\/wp\/v2\/media\/9554"}],"wp:attachment":[{"href":"https:\/\/tvc16.com\/portal\/wp-json\/wp\/v2\/media?parent=9551"}],"wp:term":[{"taxonomy":"category","embeddable":true,"href":"https:\/\/tvc16.com\/portal\/wp-json\/wp\/v2\/categories?post=9551"},{"taxonomy":"post_tag","embeddable":true,"href":"https:\/\/tvc16.com\/portal\/wp-json\/wp\/v2\/tags?post=9551"}],"curies":[{"name":"wp","href":"https:\/\/api.w.org\/{rel}","templated":true}]}}