{"id":9557,"date":"2021-01-13T21:34:46","date_gmt":"2021-01-14T00:34:46","guid":{"rendered":"https:\/\/tvc16.com\/portal\/?p=9557"},"modified":"2021-01-13T21:34:49","modified_gmt":"2021-01-14T00:34:49","slug":"a-prefeitura-abre-nesta-quinta-feira-14-as-17h-o-ponto-de-apoio-instalado-ao-lado-da-upa-cascatinha-com-atendimento-medico-24-horas-para-pacientes-com-sintomas-de-covid-19","status":"publish","type":"post","link":"https:\/\/tvc16.com\/portal\/2021\/01\/13\/a-prefeitura-abre-nesta-quinta-feira-14-as-17h-o-ponto-de-apoio-instalado-ao-lado-da-upa-cascatinha-com-atendimento-medico-24-horas-para-pacientes-com-sintomas-de-covid-19\/","title":{"rendered":"A prefeitura abre nesta quinta-feira (14), \u00e0s 17h, o ponto de apoio instalado ao lado da UPA Cascatinha, com atendimento m\u00e9dico 24 horas para pacientes com sintomas de Covid-19"},"content":{"rendered":"\n<p>A medida faz parte do plano para melhorar o fluxo de atendimento no munic\u00edpio, que inclui tamb\u00e9m a transfer\u00eancia, j\u00e1 na parte da manh\u00e3, do servi\u00e7o de testagem realizado na tenda montada ao lado da UPA Centro para o Hospital Municipal Nelson S\u00e1 Earp. Al\u00e9m do HMNSE, haver\u00e1 testagem tamb\u00e9m no ponto de apoio da UPA Itaipava.<\/p>\n\n\n\n<p>\u201cEstamos trabalhando para melhorar o atendimento da popula\u00e7\u00e3o. Ouvimos pacientes e profissionais para entender as principais demandas e estamos ampliando as portas de entrada para dar mais conforto a todos\u201d, explicou o prefeito interino Hingo Hammes, anunciando que a UPA Cascatinha passa a atuar como UPA Vermelha, exclusiva para interna\u00e7\u00e3o.<\/p>\n\n\n\n<figure class=\"wp-block-image size-large\"><img loading=\"lazy\" decoding=\"async\" width=\"620\" height=\"390\" src=\"https:\/\/tvc16.com\/portal\/wp-content\/uploads\/2021\/01\/images-3-3.jpeg\" alt=\"\" class=\"wp-image-9559\" srcset=\"https:\/\/tvc16.com\/portal\/wp-content\/uploads\/2021\/01\/images-3-3.jpeg 620w, https:\/\/tvc16.com\/portal\/wp-content\/uploads\/2021\/01\/images-3-3-300x189.jpeg 300w\" sizes=\"auto, (max-width: 620px) 100vw, 620px\" \/><figcaption>Secret\u00e1rio de Sa\u00fade, Alo\u00edsio Barbosa e o  Prefeito interino, de Petr\u00f3polis, Hingo Hammes<\/figcaption><\/figure>\n\n\n\n<p><\/p>\n\n\n\n<p>Com as novas medidas, a UPA Centro volta a fazer atendimentos de emerg\u00eancia n\u00e3o Covid, assim como o Pronto Socorro Le\u00f4nidas Sampaio, no Alto da Serra, e a UPA Itaipava.<\/p>\n\n\n\n<p>O Secret\u00e1rio de Sa\u00fade, Alo\u00edsio Barbosa, ressaltou que \u00e9 fundamental que os cidad\u00e3os fa\u00e7am a sua parte para evitar o crescimento do n\u00famero de casos. \u201cA popula\u00e7\u00e3o precisa fazer a sua parte. Estamos h\u00e1 10 meses atuando no combate ao Coronav\u00edrus, mas o controle da doen\u00e7a depende de todos\u201d, avaliou o secret\u00e1rio, adiantando que est\u00e1 trabalhando para disponibilizar atendimentos m\u00e9dicos tamb\u00e9m nos pontos de apoio da UPA Itaipava e do HMNSE.<\/p>\n\n\n\n<p>\u201cPara agilizar os atendimentos, a refer\u00eancia para pacientes com casos leves ser\u00e1 o ponto de apoio da UPA Itaipava e do HMNSE, onde poder\u00e3o fazer os testes. Casos moderados a graves, com febre persistente por mais de tr\u00eas dias, falta de ar e dificuldade para respirar, devem procurar o ponto de apoio da UPA Cascatinha que ter\u00e1 atendimento m\u00e9dico 24 horas\u201d, esclareceu o secret\u00e1rio.<\/p>\n","protected":false},"excerpt":{"rendered":"<p>A medida faz parte do plano para melhorar o fluxo de atendimento no munic\u00edpio, que<\/p>\n","protected":false},"author":2,"featured_media":9558,"comment_status":"open","ping_status":"open","sticky":false,"template":"","format":"standard","meta":{"footnotes":""},"categories":[12],"tags":[],"class_list":["post-9557","post","type-post","status-publish","format-standard","has-post-thumbnail","hentry","category-cidade"],"_links":{"self":[{"href":"https:\/\/tvc16.com\/portal\/wp-json\/wp\/v2\/posts\/9557","targetHints":{"allow":["GET"]}}],"collection":[{"href":"https:\/\/tvc16.com\/portal\/wp-json\/wp\/v2\/posts"}],"about":[{"href":"https:\/\/tvc16.com\/portal\/wp-json\/wp\/v2\/types\/post"}],"author":[{"embeddable":true,"href":"https:\/\/tvc16.com\/portal\/wp-json\/wp\/v2\/users\/2"}],"replies":[{"embeddable":true,"href":"https:\/\/tvc16.com\/portal\/wp-json\/wp\/v2\/comments?post=9557"}],"version-history":[{"count":1,"href":"https:\/\/tvc16.com\/portal\/wp-json\/wp\/v2\/posts\/9557\/revisions"}],"predecessor-version":[{"id":9560,"href":"https:\/\/tvc16.com\/portal\/wp-json\/wp\/v2\/posts\/9557\/revisions\/9560"}],"wp:featuredmedia":[{"embeddable":true,"href":"https:\/\/tvc16.com\/portal\/wp-json\/wp\/v2\/media\/9558"}],"wp:attachment":[{"href":"https:\/\/tvc16.com\/portal\/wp-json\/wp\/v2\/media?parent=9557"}],"wp:term":[{"taxonomy":"category","embeddable":true,"href":"https:\/\/tvc16.com\/portal\/wp-json\/wp\/v2\/categories?post=9557"},{"taxonomy":"post_tag","embeddable":true,"href":"https:\/\/tvc16.com\/portal\/wp-json\/wp\/v2\/tags?post=9557"}],"curies":[{"name":"wp","href":"https:\/\/api.w.org\/{rel}","templated":true}]}}