{"id":9561,"date":"2021-01-13T21:43:08","date_gmt":"2021-01-14T00:43:08","guid":{"rendered":"https:\/\/tvc16.com\/portal\/?p=9561"},"modified":"2021-01-13T21:43:11","modified_gmt":"2021-01-14T00:43:11","slug":"a-prefeitura-de-petropolis-deu-inicio-nesta-semana-aos-trabalhos-de-recuperacao-de-estradas-vicinais-na-regiao-do-brejal-na-posse-as-intervencoes-sao-emergenciais","status":"publish","type":"post","link":"https:\/\/tvc16.com\/portal\/2021\/01\/13\/a-prefeitura-de-petropolis-deu-inicio-nesta-semana-aos-trabalhos-de-recuperacao-de-estradas-vicinais-na-regiao-do-brejal-na-posse-as-intervencoes-sao-emergenciais\/","title":{"rendered":"A  Prefeitura de Petr\u00f3polis deu in\u00edcio nesta semana aos trabalhos de recupera\u00e7\u00e3o de estradas vicinais na regi\u00e3o do Brejal, na Posse. As interven\u00e7\u00f5es s\u00e3o emergenciais"},"content":{"rendered":"\n<p>Na \u00faltima sexta-feira (08), o prefeito interino Hingo Hammes se reuniu com representantes do Comit\u00ea de Estradas do Brejal. Em pauta estavam melhorias reivindicadas pelos moradores da localidade nas estradas vicinais, que s\u00e3o importantes para escoamento de mercadorias dos produtores rurais.<br>\u201cOuvimos as demandas e nos comprometemos a buscar as solu\u00e7\u00f5es. Na segunda-feira as equipes iniciaram o trabalho de recupera\u00e7\u00e3o das estradas vicinais do Brejal. Estamos empenhados em atender suas necessidades com o que estiver ao nosso alcance\u201d, disse Hammes.<br>Desde segunda-feira (11) caminh\u00f5es carregados de brita corrida est\u00e3o despejando o material na principal via da regi\u00e3o, a Arnaldo Dyckerhoff. Nesta quarta-feira (13) a secretaria de Obras colocou novamente em condi\u00e7\u00f5es de uso a patrol (m\u00e1quina niveladora de solo), para espalhar e nivelar a brita na estrada. Esse servi\u00e7o est\u00e1 previsto para come\u00e7ar j\u00e1 nesta quinta-feira (14).<br>Vale destacar que a manuten\u00e7\u00e3o tem car\u00e1ter emergencial e visa melhorar tr\u00e1fego na estrada at\u00e9 que possa ser feita uma interven\u00e7\u00e3o maior, que n\u00e3o pode ser realizada durante o per\u00edodo de chuvas. A manuten\u00e7\u00e3o completa das estradas vicinais dever\u00e1 ser feita durante o per\u00edodo de estiagem.<\/p>\n\n\n\n<figure class=\"wp-block-image size-large\"><img loading=\"lazy\" decoding=\"async\" width=\"768\" height=\"1024\" src=\"https:\/\/tvc16.com\/portal\/wp-content\/uploads\/2021\/01\/IMG-20210113-WA0111-768x1024.jpg\" alt=\"\" class=\"wp-image-9563\" srcset=\"https:\/\/tvc16.com\/portal\/wp-content\/uploads\/2021\/01\/IMG-20210113-WA0111-768x1024.jpg 768w, https:\/\/tvc16.com\/portal\/wp-content\/uploads\/2021\/01\/IMG-20210113-WA0111-225x300.jpg 225w, https:\/\/tvc16.com\/portal\/wp-content\/uploads\/2021\/01\/IMG-20210113-WA0111.jpg 960w\" sizes=\"auto, (max-width: 768px) 100vw, 768px\" \/><\/figure>\n","protected":false},"excerpt":{"rendered":"<p>Na \u00faltima sexta-feira (08), o prefeito interino Hingo Hammes se reuniu com representantes do Comit\u00ea<\/p>\n","protected":false},"author":2,"featured_media":9562,"comment_status":"open","ping_status":"open","sticky":false,"template":"","format":"standard","meta":{"footnotes":""},"categories":[12],"tags":[],"class_list":["post-9561","post","type-post","status-publish","format-standard","has-post-thumbnail","hentry","category-cidade"],"_links":{"self":[{"href":"https:\/\/tvc16.com\/portal\/wp-json\/wp\/v2\/posts\/9561","targetHints":{"allow":["GET"]}}],"collection":[{"href":"https:\/\/tvc16.com\/portal\/wp-json\/wp\/v2\/posts"}],"about":[{"href":"https:\/\/tvc16.com\/portal\/wp-json\/wp\/v2\/types\/post"}],"author":[{"embeddable":true,"href":"https:\/\/tvc16.com\/portal\/wp-json\/wp\/v2\/users\/2"}],"replies":[{"embeddable":true,"href":"https:\/\/tvc16.com\/portal\/wp-json\/wp\/v2\/comments?post=9561"}],"version-history":[{"count":1,"href":"https:\/\/tvc16.com\/portal\/wp-json\/wp\/v2\/posts\/9561\/revisions"}],"predecessor-version":[{"id":9564,"href":"https:\/\/tvc16.com\/portal\/wp-json\/wp\/v2\/posts\/9561\/revisions\/9564"}],"wp:featuredmedia":[{"embeddable":true,"href":"https:\/\/tvc16.com\/portal\/wp-json\/wp\/v2\/media\/9562"}],"wp:attachment":[{"href":"https:\/\/tvc16.com\/portal\/wp-json\/wp\/v2\/media?parent=9561"}],"wp:term":[{"taxonomy":"category","embeddable":true,"href":"https:\/\/tvc16.com\/portal\/wp-json\/wp\/v2\/categories?post=9561"},{"taxonomy":"post_tag","embeddable":true,"href":"https:\/\/tvc16.com\/portal\/wp-json\/wp\/v2\/tags?post=9561"}],"curies":[{"name":"wp","href":"https:\/\/api.w.org\/{rel}","templated":true}]}}