{"id":9574,"date":"2021-01-14T08:47:56","date_gmt":"2021-01-14T11:47:56","guid":{"rendered":"https:\/\/tvc16.com\/portal\/?p=9574"},"modified":"2021-01-14T08:48:00","modified_gmt":"2021-01-14T11:48:00","slug":"organizacao-criminosa-que-extorquia-comerciantes-na-feirinha-de-itaipava-foi-denunciada-pelo-mprj","status":"publish","type":"post","link":"https:\/\/tvc16.com\/portal\/2021\/01\/14\/organizacao-criminosa-que-extorquia-comerciantes-na-feirinha-de-itaipava-foi-denunciada-pelo-mprj\/","title":{"rendered":"Organiza\u00e7\u00e3o criminosa que extorquia comerciantes na Feirinha de Itaipava foi denunciada pelo MPRJ"},"content":{"rendered":"\n<p><\/p>\n\n\n\n<p>O Minist\u00e9rio P\u00fablico do Estado do Rio de Janeiro (MPRJ), por meio do Grupo de Atua\u00e7\u00e3o Especial de Combate ao Crime Organizado (GAECO\/MPRJ), ofereceu, em dezembro de 2020, den\u00fancia contra cinco integrantes de uma organiza\u00e7\u00e3o criminosa que, desde abril de 2018, obtinha vantagem econ\u00f4mica, por pr\u00e1tica do crime de extors\u00e3o. A organiza\u00e7\u00e3o denunciada atuava na Feirinha de Itaipava, cobrando suppostas taxas dos comerciantes dos boxes que vendiam produtos falsificados (&#8220;piratas&#8221;). A quadrilha cobrava para avisar sobre fiscaliza\u00e7\u00f5es. Foram comprovados valores que chegam a 5 milh\u00f5es de reais.<\/p>\n\n\n\n<p>As investiga\u00e7\u00f5es foram realizadas pela 105\u00aa DP, no Retiro, e a den\u00fancia foi recebida pela 2\u00aa Vara Criminal de Petr\u00f3polis, que expediu os mandados de busca e apreens\u00e3o e deferiu os mandados de pris\u00e3o contra os integrantes.<\/p>\n","protected":false},"excerpt":{"rendered":"<p>O Minist\u00e9rio P\u00fablico do Estado do Rio de Janeiro (MPRJ), por meio do Grupo de<\/p>\n","protected":false},"author":2,"featured_media":9575,"comment_status":"open","ping_status":"open","sticky":false,"template":"","format":"standard","meta":{"footnotes":""},"categories":[12],"tags":[],"class_list":["post-9574","post","type-post","status-publish","format-standard","has-post-thumbnail","hentry","category-cidade"],"_links":{"self":[{"href":"https:\/\/tvc16.com\/portal\/wp-json\/wp\/v2\/posts\/9574","targetHints":{"allow":["GET"]}}],"collection":[{"href":"https:\/\/tvc16.com\/portal\/wp-json\/wp\/v2\/posts"}],"about":[{"href":"https:\/\/tvc16.com\/portal\/wp-json\/wp\/v2\/types\/post"}],"author":[{"embeddable":true,"href":"https:\/\/tvc16.com\/portal\/wp-json\/wp\/v2\/users\/2"}],"replies":[{"embeddable":true,"href":"https:\/\/tvc16.com\/portal\/wp-json\/wp\/v2\/comments?post=9574"}],"version-history":[{"count":1,"href":"https:\/\/tvc16.com\/portal\/wp-json\/wp\/v2\/posts\/9574\/revisions"}],"predecessor-version":[{"id":9576,"href":"https:\/\/tvc16.com\/portal\/wp-json\/wp\/v2\/posts\/9574\/revisions\/9576"}],"wp:featuredmedia":[{"embeddable":true,"href":"https:\/\/tvc16.com\/portal\/wp-json\/wp\/v2\/media\/9575"}],"wp:attachment":[{"href":"https:\/\/tvc16.com\/portal\/wp-json\/wp\/v2\/media?parent=9574"}],"wp:term":[{"taxonomy":"category","embeddable":true,"href":"https:\/\/tvc16.com\/portal\/wp-json\/wp\/v2\/categories?post=9574"},{"taxonomy":"post_tag","embeddable":true,"href":"https:\/\/tvc16.com\/portal\/wp-json\/wp\/v2\/tags?post=9574"}],"curies":[{"name":"wp","href":"https:\/\/api.w.org\/{rel}","templated":true}]}}