{"id":9577,"date":"2021-01-14T14:24:05","date_gmt":"2021-01-14T17:24:05","guid":{"rendered":"https:\/\/tvc16.com\/portal\/?p=9577"},"modified":"2021-01-14T14:24:08","modified_gmt":"2021-01-14T17:24:08","slug":"candidatos-do-enem-podem-acessar-locais-de-prova-com-meia-hora-de-antecedencia","status":"publish","type":"post","link":"https:\/\/tvc16.com\/portal\/2021\/01\/14\/candidatos-do-enem-podem-acessar-locais-de-prova-com-meia-hora-de-antecedencia\/","title":{"rendered":"Candidatos do Enem podem acessar locais de prova com meia hora de anteced\u00eancia"},"content":{"rendered":"\n<p>Decis\u00e3o do Inep visa conter aglomera\u00e7\u00f5es diante de aumento de casos do coronav\u00edrus<\/p>\n\n\n\n<p>Com a inten\u00e7\u00e3o de evitar aglomera\u00e7\u00f5es, o Instituto Nacional de Estudos e Pesquisas Educacionais An\u00edsio Teixeira (Inep) resolveu antecipar em meia hora a abertura dos port\u00f5es nos dias de aplica\u00e7\u00e3o do Enem. Com a decis\u00e3o, os inscritos na prova poder\u00e3o acessar os locais de prova \u00e0s 11h30 (hor\u00e1rio de Bras\u00edlia). Os port\u00f5es ser\u00e3o fechados \u00e0s 13h, 30 minutos antes do in\u00edcio dos testes.&nbsp;<\/p>\n\n\n\n<p>A vers\u00e3o impressa do Enem est\u00e1 marcada para os dias 17 e 24 de janeiro. A vers\u00e3o digital do exame ocorrer\u00e1 em 31 de janeiro e 7 de fevereiro. Segundo o Inep, mais de 5,7 milh\u00f5es de pessoas se inscreveram para o exame.<\/p>\n\n\n\n<p>No entanto, \u00f3rg\u00e3os p\u00fablicos e entidades questionam a aplica\u00e7\u00e3o do Enem neste ano. Na \u00faltima sexta-feira (8), a Defensoria P\u00fablica da Uni\u00e3o (DPU) recorreu judicialmente para tentar adiar as provas, sob o pretexto de que funcion\u00e1rios e candidatos correm s\u00e9rio risco de cont\u00e1gio do novo coronav\u00edrus.&nbsp;<\/p>\n\n\n\n<p>Fonte: <a href=\"https:\/\/brasil61.com\/noticias\/candidatos-do-enem-podem-acessar-locais-de-prova-com-meia-hora-de-antecedencia-bras213358?email=bethdeoliveira@yahoo.com.br&amp;utm_source=newsletter&amp;utm_medium=newsletter&amp;utm_campaign=newsletter\" target=\"_blank\" rel=\"noreferrer noopener\">Brasil 61<\/a><\/p>\n","protected":false},"excerpt":{"rendered":"<p>Decis\u00e3o do Inep visa conter aglomera\u00e7\u00f5es diante de aumento de casos do coronav\u00edrus Com a<\/p>\n","protected":false},"author":2,"featured_media":9578,"comment_status":"open","ping_status":"open","sticky":false,"template":"","format":"standard","meta":{"footnotes":""},"categories":[17],"tags":[],"class_list":["post-9577","post","type-post","status-publish","format-standard","has-post-thumbnail","hentry","category-outras-noticias"],"_links":{"self":[{"href":"https:\/\/tvc16.com\/portal\/wp-json\/wp\/v2\/posts\/9577","targetHints":{"allow":["GET"]}}],"collection":[{"href":"https:\/\/tvc16.com\/portal\/wp-json\/wp\/v2\/posts"}],"about":[{"href":"https:\/\/tvc16.com\/portal\/wp-json\/wp\/v2\/types\/post"}],"author":[{"embeddable":true,"href":"https:\/\/tvc16.com\/portal\/wp-json\/wp\/v2\/users\/2"}],"replies":[{"embeddable":true,"href":"https:\/\/tvc16.com\/portal\/wp-json\/wp\/v2\/comments?post=9577"}],"version-history":[{"count":1,"href":"https:\/\/tvc16.com\/portal\/wp-json\/wp\/v2\/posts\/9577\/revisions"}],"predecessor-version":[{"id":9579,"href":"https:\/\/tvc16.com\/portal\/wp-json\/wp\/v2\/posts\/9577\/revisions\/9579"}],"wp:featuredmedia":[{"embeddable":true,"href":"https:\/\/tvc16.com\/portal\/wp-json\/wp\/v2\/media\/9578"}],"wp:attachment":[{"href":"https:\/\/tvc16.com\/portal\/wp-json\/wp\/v2\/media?parent=9577"}],"wp:term":[{"taxonomy":"category","embeddable":true,"href":"https:\/\/tvc16.com\/portal\/wp-json\/wp\/v2\/categories?post=9577"},{"taxonomy":"post_tag","embeddable":true,"href":"https:\/\/tvc16.com\/portal\/wp-json\/wp\/v2\/tags?post=9577"}],"curies":[{"name":"wp","href":"https:\/\/api.w.org\/{rel}","templated":true}]}}