{"id":9580,"date":"2021-01-14T14:38:37","date_gmt":"2021-01-14T17:38:37","guid":{"rendered":"https:\/\/tvc16.com\/portal\/?p=9580"},"modified":"2021-01-14T14:45:16","modified_gmt":"2021-01-14T17:45:16","slug":"mil-livros-divididos-em-cinco-titulos-serao-distribuidos-em-pontos-estrategicos-de-petropolis-a-partir-desta-sexta-feira-15","status":"publish","type":"post","link":"https:\/\/tvc16.com\/portal\/2021\/01\/14\/mil-livros-divididos-em-cinco-titulos-serao-distribuidos-em-pontos-estrategicos-de-petropolis-a-partir-desta-sexta-feira-15\/","title":{"rendered":"Mil livros, divididos em cinco t\u00edtulos, ser\u00e3o distribu\u00eddos em pontos estrat\u00e9gicos de Petr\u00f3polis, a partir desta sexta-feira (15)"},"content":{"rendered":"\n<p>O&nbsp;Instituto Oldemburg de Desenvolvimento* decidiu&nbsp;se dedicar inteiramente ao p\u00fablico infantil com a realiza\u00e7\u00e3o da \u201cFLISI Contando Hist\u00f3rias&#8230;\u201d, proporcionando aos pequenos um pouco mais de fantasia. No total 1.000 livros, divididos em cinco t\u00edtulos, ser\u00e3o distribu\u00eddos em pontos estrat\u00e9gicos da Cidade, a partir do dia 15 de janeiro, sexta-feira. A campanha foi lan\u00e7ada e segue ao longo de todo o m\u00eas. No s\u00e1bado, dia 30, haver\u00e1 a culmin\u00e2ncia do projeto com uma bela conta\u00e7\u00e3o de hist\u00f3rias online totalmente gratuita, bastando acessar gratuitamente as redes virtuais da FLISI.<\/p>\n\n\n\n<p><\/p>\n\n\n\n<div class=\"wp-block-image\"><figure class=\"aligncenter size-large is-resized\"><img loading=\"lazy\" decoding=\"async\" src=\"https:\/\/tvc16.com\/portal\/wp-content\/uploads\/2021\/01\/Madame-Machado.jpg\" alt=\"\" class=\"wp-image-9581\" width=\"466\" height=\"621\"\/><\/figure><\/div>\n\n\n\n<p>\u201cNosso foco est\u00e1 na sa\u00fade mental das crian\u00e7as t\u00e3o atingidas por este momento que estamos passando, com uma&nbsp;a\u00e7\u00e3o que busca incentivar o h\u00e1bito da leitura entre pais e filhos e familiares\u201d, \u00e9 o que deseja Cristina Oldemburg, presidente do Instituto Oldemburg e idealizadora da FLISI, que comenta ainda sobre mais uma transforma\u00e7\u00e3o do evento.<\/p>\n\n\n\n<p>\u201cDecidimos sair do Centro de Petr\u00f3polis e migrar para os outros distritos com o intuito de chegar mais perto das comunidades que mais precisam ser prestigiadas, realizando um trabalho social focado em uma a\u00e7\u00e3o junto \u00e0s associa\u00e7\u00f5es de moradores e institui\u00e7\u00f5es sociais locais, com foco no p\u00fablico infantil e juvenil, levando o livro para a casa de crian\u00e7as que tem menos acesso a atividades de intera\u00e7\u00e3o familiar\u201d.<\/p>\n\n\n\n<p><\/p>\n\n\n\n<div class=\"wp-block-image\"><figure class=\"aligncenter size-large is-resized\"><img loading=\"lazy\" decoding=\"async\" src=\"https:\/\/tvc16.com\/portal\/wp-content\/uploads\/2021\/01\/Contacao-3-576x1024.jpg\" alt=\"\" class=\"wp-image-9582\" width=\"453\" height=\"806\" srcset=\"https:\/\/tvc16.com\/portal\/wp-content\/uploads\/2021\/01\/Contacao-3-576x1024.jpg 576w, https:\/\/tvc16.com\/portal\/wp-content\/uploads\/2021\/01\/Contacao-3-169x300.jpg 169w, https:\/\/tvc16.com\/portal\/wp-content\/uploads\/2021\/01\/Contacao-3-768x1365.jpg 768w, https:\/\/tvc16.com\/portal\/wp-content\/uploads\/2021\/01\/Contacao-3-scaled.jpg 1441w\" sizes=\"auto, (max-width: 453px) 100vw, 453px\" \/><\/figure><\/div>\n\n\n\n<p>As hist\u00f3rias apresentadas em cada livro e selecionadas pelo Instituto, pretendem munir as crian\u00e7as com&nbsp;temas sens\u00edveis uma vez que os textos s\u00e3o inclusivos, abordando quest\u00f5es do dia a dia de muitas crian\u00e7as, suas dificuldades e anseios.<\/p>\n\n\n\n<p>As obras de literatura infantil ser\u00e3o distribu\u00eddas entre os dias 15 e 29 de janeiro em \u201cPontos de Leitura\u201d que estar\u00e3o presenteando crian\u00e7as e familiares. S\u00e3o eles: Supermercado Bramil de Itaipava, Supermercado Bramil do Itamarati, Amavale \u2013 Associa\u00e7\u00e3o de Moradores do Vale das Videiras, Instituto Caminho da Ro\u00e7a, em Secret\u00e1rio;&nbsp;Gallerya Book Shop, em Itaipava, Espa\u00e7o Liter\u00e1rio Jos\u00e9 C\u00e2ndido Monteiro de Barros Bastos, em Corr\u00eaas e Livraria Nobel, no Centro de Petr\u00f3polis. No final de semana dos dias 23 e 24 de janeiro as doa\u00e7\u00f5es tamb\u00e9m ir\u00e3o acontecer na Pra\u00e7a de Corr\u00eaas,&nbsp;Associa\u00e7\u00e3o de Moradores do Meio da Serra, Associa\u00e7\u00e3o de Moradores Madame Machado e Associa\u00e7\u00e3o de Moradores Manoel Torres, no Bingen. Os hor\u00e1rios de distribui\u00e7\u00e3o podem ser conferidos no site da FLISI e nas redes sociais do evento. Vale lembrar que as doa\u00e7\u00f5es s\u00e3o limitadas, ent\u00e3o n\u00e3o perca tempo!<\/p>\n\n\n\n<p>\u201cNesse momento dif\u00edcil que enfrentamos, devido a pandemia e o isolamento, \u00e9 essencial que a gente incentive a dissemina\u00e7\u00e3o da cultura para as crian\u00e7as. Afinal, esse afastamento dos colegas e da rotina escolar n\u00e3o \u00e9 f\u00e1cil. Esperamos que muitas fam\u00edlias encontrem livros que agradem e beneficiem as crian\u00e7as\u201d, disse o diretor do Grupo Mil, Josemo J\u00fanior.<\/p>\n\n\n\n<p>Gabriela Leite, coordenadora de projetos no Corr\u00eaas Sustent\u00e1vel, se diz honrada em participar da Flisi.<\/p>\n\n\n\n<p>\u201c\u00c9 incr\u00edvel fazer parte deste movimento que luta pela literatura. Sabemos o qu\u00e3o importante \u00e9 abrir caminhos para uma leitura viva e transformadora, e entendemos como \u00e9 necess\u00e1rio incentivar a aprecia\u00e7\u00e3o aos livros desde os primeiros anos da inf\u00e2ncia. A partir disso, acreditamos que a cidade de Petr\u00f3polis possa ser tremendamente enriquecida com a populariza\u00e7\u00e3o da leitura aos pequenos\u201d.<\/p>\n\n\n\n<p>Za\u00edde Mello, presidente da AMAVALE \u2013 Associa\u00e7\u00e3o de Moradores do Vale das Videiras tamb\u00e9m est\u00e1 contente com a parceria.<\/p>\n\n\n\n<p>\u201cEstamos felizes em participar deste projeto, que esperamos que traga bons frutos para a comunidade do Vale das Videiras\u201d.<\/p>\n\n\n\n<p>A culmin\u00e2ncia e o ponto alto da \u201cFLISI Contando Hist\u00f3rias &#8230;\u201d acontece no dia 30 de janeiro com a conta\u00e7\u00e3o de hist\u00f3rias online das obras \u201cO livro que lia livros\u201d, de Sandra Aymone, \u00e0s 10h; \u201cMuito mais que um jardim\u201d, de Sandra Aymone, \u00e0s 11h; \u201cO grande dia\u201d, de Patr\u00edcia Engel Secco, \u00e0s 14h; \u201cA Casa Amarela\u201d, de Keyla Ferrari, \u00e0s 15h; e \u201cA Gritadeira\u201d, de Sandra Aymone, \u00e0s 16h.A transmiss\u00e3o ser\u00e1 feita nas redes sociais da FLISI, atrav\u00e9s dos endere\u00e7os&nbsp;@festaliterariadaserraimperial (Instagram) e&nbsp;<a rel=\"noreferrer noopener\" target=\"_blank\" href=\"http:\/\/facebook.com\/festaliterariadaserraimperial\">facebook.com\/festaliterariadaserraimperial<\/a>&nbsp;(Facebook). A conta\u00e7\u00e3o tamb\u00e9m pode ser acompanhada no Youtube pelo endere\u00e7o&nbsp;<a rel=\"noreferrer noopener\" target=\"_blank\" href=\"https:\/\/www.youtube.com\/channel\/UC4jkFLWS6_tckU6k52qQPhA\">https:\/\/www.youtube.com\/channel\/UC4jkFLWS6_tckU6k52qQPhA<\/a><\/p>\n","protected":false},"excerpt":{"rendered":"<p>O&nbsp;Instituto Oldemburg de Desenvolvimento* decidiu&nbsp;se dedicar inteiramente ao p\u00fablico infantil com a realiza\u00e7\u00e3o da \u201cFLISI<\/p>\n","protected":false},"author":2,"featured_media":9588,"comment_status":"open","ping_status":"open","sticky":false,"template":"","format":"standard","meta":{"footnotes":""},"categories":[12],"tags":[],"class_list":["post-9580","post","type-post","status-publish","format-standard","has-post-thumbnail","hentry","category-cidade"],"_links":{"self":[{"href":"https:\/\/tvc16.com\/portal\/wp-json\/wp\/v2\/posts\/9580","targetHints":{"allow":["GET"]}}],"collection":[{"href":"https:\/\/tvc16.com\/portal\/wp-json\/wp\/v2\/posts"}],"about":[{"href":"https:\/\/tvc16.com\/portal\/wp-json\/wp\/v2\/types\/post"}],"author":[{"embeddable":true,"href":"https:\/\/tvc16.com\/portal\/wp-json\/wp\/v2\/users\/2"}],"replies":[{"embeddable":true,"href":"https:\/\/tvc16.com\/portal\/wp-json\/wp\/v2\/comments?post=9580"}],"version-history":[{"count":2,"href":"https:\/\/tvc16.com\/portal\/wp-json\/wp\/v2\/posts\/9580\/revisions"}],"predecessor-version":[{"id":9586,"href":"https:\/\/tvc16.com\/portal\/wp-json\/wp\/v2\/posts\/9580\/revisions\/9586"}],"wp:featuredmedia":[{"embeddable":true,"href":"https:\/\/tvc16.com\/portal\/wp-json\/wp\/v2\/media\/9588"}],"wp:attachment":[{"href":"https:\/\/tvc16.com\/portal\/wp-json\/wp\/v2\/media?parent=9580"}],"wp:term":[{"taxonomy":"category","embeddable":true,"href":"https:\/\/tvc16.com\/portal\/wp-json\/wp\/v2\/categories?post=9580"},{"taxonomy":"post_tag","embeddable":true,"href":"https:\/\/tvc16.com\/portal\/wp-json\/wp\/v2\/tags?post=9580"}],"curies":[{"name":"wp","href":"https:\/\/api.w.org\/{rel}","templated":true}]}}