{"id":9601,"date":"2021-01-14T17:27:12","date_gmt":"2021-01-14T20:27:12","guid":{"rendered":"https:\/\/tvc16.com\/portal\/?p=9601"},"modified":"2021-01-14T17:27:16","modified_gmt":"2021-01-14T20:27:16","slug":"ministerio-da-saude-confirmou-nesta-quinta-feira-14-em-reuniao-da-frente-nacional-de-prefeitos-que-pode-comecar-a-distribuicao-da-vacina-contra-o-coronavirus-aos-estados-ja-na-proxima-semana","status":"publish","type":"post","link":"https:\/\/tvc16.com\/portal\/2021\/01\/14\/ministerio-da-saude-confirmou-nesta-quinta-feira-14-em-reuniao-da-frente-nacional-de-prefeitos-que-pode-comecar-a-distribuicao-da-vacina-contra-o-coronavirus-aos-estados-ja-na-proxima-semana\/","title":{"rendered":"Minist\u00e9rio da Sa\u00fade confirmou nesta quinta-feira (14), em reuni\u00e3o da Frente Nacional de Prefeitos, que pode come\u00e7ar a distribui\u00e7\u00e3o da vacina contra o coronav\u00edrus aos estados j\u00e1 na pr\u00f3xima semana"},"content":{"rendered":"\n<p>Durante o encontro, que teve a participa\u00e7\u00e3o do prefeito interino Hingo Hammes, o ministro Eduardo Pazuello afirmou que a entrega das vacinas aos estados \u2013 a quem caber\u00e1 a distribui\u00e7\u00e3o dos lotes aos munic\u00edpios, depende apenas da libera\u00e7\u00e3o da Anvisa, que analisa o pedido de uso emergencial feito pela Fiocruz e pelo Instituto Butantan. Esta libera\u00e7\u00e3o \u00e9 esperada at\u00e9 o pr\u00f3ximo domingo (17) e vai permitir o pontap\u00e9 inicial ao trabalho de imuniza\u00e7\u00e3o.<\/p>\n\n\n\n<p>Com as novas informa\u00e7\u00f5es do Minist\u00e9rio de Sa\u00fade, a Prefeitura de Petr\u00f3polis trabalha, agora, no detalhamento do Plano Municipal de Vacina\u00e7\u00e3o contra o coronav\u00edrus.<\/p>\n\n\n\n<p>\u201cAs doses da vacina aprovada ser\u00e3o enviadas a todos os munic\u00edpios, que dever\u00e3o seguir a estrat\u00e9gia definida pela Uni\u00e3o. \u00c9 importante que a popula\u00e7\u00e3o fique atenta ao aplicativo Conect SUS, onde o Minist\u00e9rio dar\u00e1 todas as orienta\u00e7\u00f5es sobre a vacina\u00e7\u00e3o. At\u00e9 segunda-feira teremos toda a estrat\u00e9gia de imuniza\u00e7\u00e3o organizada, com os pontos de vacina\u00e7\u00e3o definidos e equipes prontas para o trabalho. A partir da\u00ed vamos depender apenas da chegada da vacina&#8221;, afirmou Hammes.<\/p>\n\n\n\n<p><\/p>\n\n\n\n<figure class=\"wp-block-image size-large\"><img loading=\"lazy\" decoding=\"async\" width=\"1024\" height=\"1024\" src=\"https:\/\/tvc16.com\/portal\/wp-content\/uploads\/2021\/01\/20210114_172209-1024x1024.jpg\" alt=\"\" class=\"wp-image-9602\" srcset=\"https:\/\/tvc16.com\/portal\/wp-content\/uploads\/2021\/01\/20210114_172209-1024x1024.jpg 1024w, https:\/\/tvc16.com\/portal\/wp-content\/uploads\/2021\/01\/20210114_172209-300x300.jpg 300w, https:\/\/tvc16.com\/portal\/wp-content\/uploads\/2021\/01\/20210114_172209-150x150.jpg 150w, https:\/\/tvc16.com\/portal\/wp-content\/uploads\/2021\/01\/20210114_172209-768x768.jpg 768w, https:\/\/tvc16.com\/portal\/wp-content\/uploads\/2021\/01\/20210114_172209.jpg 1079w\" sizes=\"auto, (max-width: 1024px) 100vw, 1024px\" \/><figcaption>Prefeito interino Hingo Hammes <\/figcaption><\/figure>\n\n\n\n<p><\/p>\n\n\n\n<p>Segundo o ministro Pazuello, a vacina\u00e7\u00e3o ser\u00e1 simult\u00e2nea em todo o pa\u00eds. &#8220;Vamos enviar as doses de forma igualit\u00e1ria e proporcional&#8221;, disse, afirmando que os munic\u00edpios que precisarem poder\u00e3o receber seringas e agulhas do governo federal. No caso dos munic\u00edpios fluminenses, o pr\u00f3prio Governo Estadual j\u00e1 anunciou que ir\u00e1 fornecer os insumos.<\/p>\n\n\n\n<p><\/p>\n\n\n\n<figure class=\"wp-block-image size-large\"><img loading=\"lazy\" decoding=\"async\" width=\"1024\" height=\"683\" src=\"https:\/\/tvc16.com\/portal\/wp-content\/uploads\/2021\/01\/49987998436_c612db7df0_o-1024x683.jpg\" alt=\"\" class=\"wp-image-9603\" srcset=\"https:\/\/tvc16.com\/portal\/wp-content\/uploads\/2021\/01\/49987998436_c612db7df0_o-1024x683.jpg 1024w, https:\/\/tvc16.com\/portal\/wp-content\/uploads\/2021\/01\/49987998436_c612db7df0_o-300x200.jpg 300w, https:\/\/tvc16.com\/portal\/wp-content\/uploads\/2021\/01\/49987998436_c612db7df0_o-768x512.jpg 768w, https:\/\/tvc16.com\/portal\/wp-content\/uploads\/2021\/01\/49987998436_c612db7df0_o-900x600.jpg 900w, https:\/\/tvc16.com\/portal\/wp-content\/uploads\/2021\/01\/49987998436_c612db7df0_o.jpg 1500w\" sizes=\"auto, (max-width: 1024px) 100vw, 1024px\" \/><figcaption>Ministro da Sa\u00fade, Eduardo Pazuello. Foto: Marcos Corr\u00eaa\/PR<\/figcaption><\/figure>\n\n\n\n<p>O ministro tamb\u00e9m destacou que as orienta\u00e7\u00f5es das equipes de vigil\u00e2ncia devem ser seguidas mesmo ap\u00f3s a vacina\u00e7\u00e3o. &#8220;A popula\u00e7\u00e3o s\u00f3 estar\u00e1 efetivamente imunizada tr\u00eas meses ap\u00f3s a vacina\u00e7\u00e3o&#8221;, explicou o ministro. Por isso, \u00e9 importante manter o distanciamento social, o uso de m\u00e1scaras e a higieniza\u00e7\u00e3o das m\u00e3os&#8221;.<\/p>\n\n\n\n<p>O secret\u00e1rio de sa\u00fade, Aloisio Barbosa da Silva Filho, explicou que as doses ser\u00e3o enviadas do governo federal para o estado e, ent\u00e3o, repassadas ao munic\u00edpio. &#8220;A Secretaria de Sa\u00fade est\u00e1 trabalhando intensamente no processo de log\u00edstica para que possa seguir todo o plano nacional de imuniza\u00e7\u00e3o. Aguardamos, agora, o processo de libera\u00e7\u00e3o da Anvisa e a divulga\u00e7\u00e3o da data de in\u00edcio da vacina\u00e7\u00e3o&#8221;, declarou o secret\u00e1rio.<\/p>\n","protected":false},"excerpt":{"rendered":"<p>Durante o encontro, que teve a participa\u00e7\u00e3o do prefeito interino Hingo Hammes, o ministro Eduardo<\/p>\n","protected":false},"author":2,"featured_media":9604,"comment_status":"open","ping_status":"open","sticky":false,"template":"","format":"standard","meta":{"footnotes":""},"categories":[12],"tags":[],"class_list":["post-9601","post","type-post","status-publish","format-standard","has-post-thumbnail","hentry","category-cidade"],"_links":{"self":[{"href":"https:\/\/tvc16.com\/portal\/wp-json\/wp\/v2\/posts\/9601","targetHints":{"allow":["GET"]}}],"collection":[{"href":"https:\/\/tvc16.com\/portal\/wp-json\/wp\/v2\/posts"}],"about":[{"href":"https:\/\/tvc16.com\/portal\/wp-json\/wp\/v2\/types\/post"}],"author":[{"embeddable":true,"href":"https:\/\/tvc16.com\/portal\/wp-json\/wp\/v2\/users\/2"}],"replies":[{"embeddable":true,"href":"https:\/\/tvc16.com\/portal\/wp-json\/wp\/v2\/comments?post=9601"}],"version-history":[{"count":1,"href":"https:\/\/tvc16.com\/portal\/wp-json\/wp\/v2\/posts\/9601\/revisions"}],"predecessor-version":[{"id":9605,"href":"https:\/\/tvc16.com\/portal\/wp-json\/wp\/v2\/posts\/9601\/revisions\/9605"}],"wp:featuredmedia":[{"embeddable":true,"href":"https:\/\/tvc16.com\/portal\/wp-json\/wp\/v2\/media\/9604"}],"wp:attachment":[{"href":"https:\/\/tvc16.com\/portal\/wp-json\/wp\/v2\/media?parent=9601"}],"wp:term":[{"taxonomy":"category","embeddable":true,"href":"https:\/\/tvc16.com\/portal\/wp-json\/wp\/v2\/categories?post=9601"},{"taxonomy":"post_tag","embeddable":true,"href":"https:\/\/tvc16.com\/portal\/wp-json\/wp\/v2\/tags?post=9601"}],"curies":[{"name":"wp","href":"https:\/\/api.w.org\/{rel}","templated":true}]}}