{"id":9606,"date":"2021-01-14T21:09:03","date_gmt":"2021-01-15T00:09:03","guid":{"rendered":"https:\/\/tvc16.com\/portal\/?p=9606"},"modified":"2021-01-14T21:09:06","modified_gmt":"2021-01-15T00:09:06","slug":"proprietario-de-um-sitio-em-itaipava-foi-encaminhado-para-a-delegacia-apos-uma-vistoria-tecnica-da-coordenadoria-de-bem-estar-animal-cobea-nesta-quinta-feira-14-ele-sera-investigado-por-maus-trat","status":"publish","type":"post","link":"https:\/\/tvc16.com\/portal\/2021\/01\/14\/proprietario-de-um-sitio-em-itaipava-foi-encaminhado-para-a-delegacia-apos-uma-vistoria-tecnica-da-coordenadoria-de-bem-estar-animal-cobea-nesta-quinta-feira-14-ele-sera-investigado-por-maus-trat\/","title":{"rendered":"Propriet\u00e1rio de um s\u00edtio em Itaipava foi encaminhado para a delegacia ap\u00f3s uma vistoria t\u00e9cnica da Coordenadoria de Bem-estar Animal (Cobea) nesta quinta-feira (14). Ele ser\u00e1 investigado por maus-tratos"},"content":{"rendered":"\n<p><em>Ap\u00f3s den\u00fancia, Cobea flagra animais em condi\u00e7\u00f5es prec\u00e1rias em s\u00edtio de Itaipava<\/em><\/p>\n\n\n\n<p>Os Dois animais (um porco e um burro) eram mantidos, segundo a equipe t\u00e9cnica da coordenadoria, em locais insalubres e sem acesso a alimenta\u00e7\u00e3o e \u00e1gua. A a\u00e7\u00e3o contou com a presen\u00e7a da Guarda Civil e das secretarias de Fazenda e de Defesa Civil, al\u00e9m da OAB Petr\u00f3polis.<\/p>\n\n\n\n<p>A Cobea chegou ao local ap\u00f3s uma den\u00fancia an\u00f4nima informando que os animais estavam em condi\u00e7\u00f5es prec\u00e1rias. O propriet\u00e1rio do im\u00f3vel alegou que est\u00e1 preparando um local adequado para transferir os bichos. &#8220;O que vimos aqui \u00e9 inaceit\u00e1vel&#8221;, afirma Jo\u00e3o Valois, coordenador de Bem-estar Animal, que acompanhou a a\u00e7\u00e3o.<\/p>\n\n\n\n<p>&#8220;Os animais vivem em um local insalubre, est\u00e3o assustados, sem acesso a \u00e1gua ou a alimenta\u00e7\u00e3o. O veterin\u00e1rio fez um relat\u00f3rio da situa\u00e7\u00e3o e, por isso, encaminhamos o dono do s\u00edtio para a delegacia. N\u00e3o podemos aceitar esse tipo de situa\u00e7\u00e3o&#8221;, completa Jo\u00e3o.<\/p>\n\n\n\n<p><\/p>\n\n\n\n<figure class=\"wp-block-image size-large\"><img loading=\"lazy\" decoding=\"async\" width=\"1024\" height=\"682\" src=\"https:\/\/tvc16.com\/portal\/wp-content\/uploads\/2021\/01\/IMG-20210114-WA0078-1024x682.jpg\" alt=\"\" class=\"wp-image-9609\" srcset=\"https:\/\/tvc16.com\/portal\/wp-content\/uploads\/2021\/01\/IMG-20210114-WA0078-1024x682.jpg 1024w, https:\/\/tvc16.com\/portal\/wp-content\/uploads\/2021\/01\/IMG-20210114-WA0078-300x200.jpg 300w, https:\/\/tvc16.com\/portal\/wp-content\/uploads\/2021\/01\/IMG-20210114-WA0078-768x512.jpg 768w, https:\/\/tvc16.com\/portal\/wp-content\/uploads\/2021\/01\/IMG-20210114-WA0078-900x600.jpg 900w, https:\/\/tvc16.com\/portal\/wp-content\/uploads\/2021\/01\/IMG-20210114-WA0078.jpg 1280w\" sizes=\"auto, (max-width: 1024px) 100vw, 1024px\" \/><\/figure>\n\n\n\n<p>O dono do im\u00f3vel, al\u00e9m de responder pelo crime de maus-tratos, tem cinco dias para adequar as condi\u00e7\u00f5es do espa\u00e7o. Na semana que vem, os fiscais retornar\u00e3o ao local para verificar a situa\u00e7\u00e3o.<\/p>\n\n\n\n<p>O telefone para den\u00fancias \u00e9 o 2291-1505.<\/p>\n","protected":false},"excerpt":{"rendered":"<p>Ap\u00f3s den\u00fancia, Cobea flagra animais em condi\u00e7\u00f5es prec\u00e1rias em s\u00edtio de Itaipava Os Dois animais<\/p>\n","protected":false},"author":2,"featured_media":9608,"comment_status":"open","ping_status":"open","sticky":false,"template":"","format":"standard","meta":{"footnotes":""},"categories":[12],"tags":[],"class_list":["post-9606","post","type-post","status-publish","format-standard","has-post-thumbnail","hentry","category-cidade"],"_links":{"self":[{"href":"https:\/\/tvc16.com\/portal\/wp-json\/wp\/v2\/posts\/9606","targetHints":{"allow":["GET"]}}],"collection":[{"href":"https:\/\/tvc16.com\/portal\/wp-json\/wp\/v2\/posts"}],"about":[{"href":"https:\/\/tvc16.com\/portal\/wp-json\/wp\/v2\/types\/post"}],"author":[{"embeddable":true,"href":"https:\/\/tvc16.com\/portal\/wp-json\/wp\/v2\/users\/2"}],"replies":[{"embeddable":true,"href":"https:\/\/tvc16.com\/portal\/wp-json\/wp\/v2\/comments?post=9606"}],"version-history":[{"count":1,"href":"https:\/\/tvc16.com\/portal\/wp-json\/wp\/v2\/posts\/9606\/revisions"}],"predecessor-version":[{"id":9610,"href":"https:\/\/tvc16.com\/portal\/wp-json\/wp\/v2\/posts\/9606\/revisions\/9610"}],"wp:featuredmedia":[{"embeddable":true,"href":"https:\/\/tvc16.com\/portal\/wp-json\/wp\/v2\/media\/9608"}],"wp:attachment":[{"href":"https:\/\/tvc16.com\/portal\/wp-json\/wp\/v2\/media?parent=9606"}],"wp:term":[{"taxonomy":"category","embeddable":true,"href":"https:\/\/tvc16.com\/portal\/wp-json\/wp\/v2\/categories?post=9606"},{"taxonomy":"post_tag","embeddable":true,"href":"https:\/\/tvc16.com\/portal\/wp-json\/wp\/v2\/tags?post=9606"}],"curies":[{"name":"wp","href":"https:\/\/api.w.org\/{rel}","templated":true}]}}