{"id":9611,"date":"2021-01-14T21:17:09","date_gmt":"2021-01-15T00:17:09","guid":{"rendered":"https:\/\/tvc16.com\/portal\/?p=9611"},"modified":"2021-01-14T21:17:12","modified_gmt":"2021-01-15T00:17:12","slug":"upa-centro-que-vinha-sendo-utilizada-exclusivamente-para-internacao-de-pacientes-com-sintomas-de-covid-19-foi-reaberta-como-unidade-de-pronto-atendimento-para-pacientes-nao-covid","status":"publish","type":"post","link":"https:\/\/tvc16.com\/portal\/2021\/01\/14\/upa-centro-que-vinha-sendo-utilizada-exclusivamente-para-internacao-de-pacientes-com-sintomas-de-covid-19-foi-reaberta-como-unidade-de-pronto-atendimento-para-pacientes-nao-covid\/","title":{"rendered":"UPA Centro, que vinha sendo utilizada exclusivamente para interna\u00e7\u00e3o de pacientes com sintomas de Covid-19, foi reaberta como Unidade de Pronto-Atendimento para pacientes n\u00e3o covid"},"content":{"rendered":"\n<p><\/p>\n\n\n\n<p>O prefeito interino Hingo Hammes acompanhou no fim da tarde desta quinta-feira (14) o trabalho das equipes na UPA Centro e no Hospital Municipal Nelson de S\u00e1 Earp, que tiveram as rotinas alteradas em fun\u00e7\u00e3o da reestrutura\u00e7\u00e3o das portas de entrada de pacientes na rede municipal de sa\u00fade. O ponto de apoio da UPA Centro foi transferido para o primeiro andar do pr\u00e9dio do HMNSE e a UPA Centro, que vinha sendo utilizada exclusivamente para interna\u00e7\u00e3o de pacientes com sintomas de Covid-19, foi reaberta como Unidade de Pronto-Atendimento para pacientes n\u00e3o covid.<\/p>\n\n\n\n<p><\/p>\n\n\n\n<figure class=\"wp-block-image size-large\"><img loading=\"lazy\" decoding=\"async\" width=\"946\" height=\"959\" src=\"https:\/\/tvc16.com\/portal\/wp-content\/uploads\/2021\/01\/IMG-20210114-WA0085.jpg\" alt=\"\" class=\"wp-image-9612\" srcset=\"https:\/\/tvc16.com\/portal\/wp-content\/uploads\/2021\/01\/IMG-20210114-WA0085.jpg 946w, https:\/\/tvc16.com\/portal\/wp-content\/uploads\/2021\/01\/IMG-20210114-WA0085-296x300.jpg 296w, https:\/\/tvc16.com\/portal\/wp-content\/uploads\/2021\/01\/IMG-20210114-WA0085-768x779.jpg 768w\" sizes=\"auto, (max-width: 946px) 100vw, 946px\" \/><figcaption>Prefeito interino Hingo Hammes <\/figcaption><\/figure>\n\n\n\n<p>Tamb\u00e9m nesta ter\u00e7a-feira, a Prefeitura abriu o ponto de apoio de Cascatinha, que passou a funcionar com m\u00e9dicos 24 horas por dia. A UPA do bairro, agora, \u00e9 UPA Vermelha, exclusiva para interna\u00e7\u00e3o.<\/p>\n\n\n\n<p>\u201cNosso objetivo \u00e9 melhorar o atendimento \u00e0 popula\u00e7\u00e3o, garantindo que quem precisar vai encontrar m\u00e9dicos. Com as mudan\u00e7as, Petr\u00f3polis passa a ter tr\u00eas pontos de apoio para atendimento de pacientes com sintomas de Covid-19, sendo um deles com m\u00e9dicos 24 horas por dia\u201d, frisou o prefeito interino, fazendo refer\u00eancia aos pontos de apoio de Itaipava, do HMNSE e de Cascatinha.<\/p>\n\n\n\n<p>Com a reestrutura\u00e7\u00e3o, pessoas que precisam de atendimento n\u00e3o Covid t\u00eam, agora, tr\u00eas op\u00e7\u00f5es: a UPA Centro, a UPA Itaipava e o Pronto Socorro Le\u00f4nidas Sampaio, no Alto da Serra.<\/p>\n\n\n\n<p><\/p>\n\n\n\n<figure class=\"wp-block-image size-large\"><img loading=\"lazy\" decoding=\"async\" width=\"1024\" height=\"682\" src=\"https:\/\/tvc16.com\/portal\/wp-content\/uploads\/2021\/01\/IMG-20210114-WA0084-1-1024x682.jpg\" alt=\"\" class=\"wp-image-9613\" srcset=\"https:\/\/tvc16.com\/portal\/wp-content\/uploads\/2021\/01\/IMG-20210114-WA0084-1-1024x682.jpg 1024w, https:\/\/tvc16.com\/portal\/wp-content\/uploads\/2021\/01\/IMG-20210114-WA0084-1-300x200.jpg 300w, https:\/\/tvc16.com\/portal\/wp-content\/uploads\/2021\/01\/IMG-20210114-WA0084-1-768x512.jpg 768w, https:\/\/tvc16.com\/portal\/wp-content\/uploads\/2021\/01\/IMG-20210114-WA0084-1-900x600.jpg 900w, https:\/\/tvc16.com\/portal\/wp-content\/uploads\/2021\/01\/IMG-20210114-WA0084-1.jpg 1280w\" sizes=\"auto, (max-width: 1024px) 100vw, 1024px\" \/><\/figure>\n\n\n\n<p>&#8220;Todas as mudan\u00e7as feitas nesta quinta-feira t\u00eam como objetivo melhorar o atendimento da popula\u00e7\u00e3o. Uma vez constatados os problemas, trabalhamos para planejar e executar mudan\u00e7as que melhorassem o fluxo de atendimento nas nossas portas de entrada, diante do crescimento do n\u00famero de casos de Covid-19&#8221;, explicou o secret\u00e1rio municipal de Sa\u00fade, Alo\u00edsio Barbosa da Silva Filho.<\/p>\n\n\n\n<p>Entenda:<br>Atendimento de pacientes com sintomas de Covid-19<\/p>\n\n\n\n<ul class=\"wp-block-list\"><li>Pacientes com sintomas leves devem se dirigir ao ponto de apoio da UPA Itaipava ou do HMNSE, onde h\u00e1 m\u00e9dicos das 8h \u00e0s 20h e enfermeiros para fazer os testes.<\/li><li>Pacientes com sintomas moderados a graves, com febre persistente por mais de tr\u00eas dias, falta de ar e dificuldade para respirar, devem procurar o ponto de apoio da UPA Cascatinha que tem atendimento m\u00e9dico 24 horas<\/li><\/ul>\n\n\n\n<p>Atendimento de pacientes n\u00e3o Covid<\/p>\n\n\n\n<ul class=\"wp-block-list\"><li>UPA Centro<\/li><li>UPA Itaipava<\/li><li>Pronto Socorro Le\u00f4nidas Sampaio<\/li><\/ul>\n","protected":false},"excerpt":{"rendered":"<p>O prefeito interino Hingo Hammes acompanhou no fim da tarde desta quinta-feira (14) o trabalho<\/p>\n","protected":false},"author":2,"featured_media":9614,"comment_status":"open","ping_status":"open","sticky":false,"template":"","format":"standard","meta":{"footnotes":""},"categories":[12],"tags":[],"class_list":["post-9611","post","type-post","status-publish","format-standard","has-post-thumbnail","hentry","category-cidade"],"_links":{"self":[{"href":"https:\/\/tvc16.com\/portal\/wp-json\/wp\/v2\/posts\/9611","targetHints":{"allow":["GET"]}}],"collection":[{"href":"https:\/\/tvc16.com\/portal\/wp-json\/wp\/v2\/posts"}],"about":[{"href":"https:\/\/tvc16.com\/portal\/wp-json\/wp\/v2\/types\/post"}],"author":[{"embeddable":true,"href":"https:\/\/tvc16.com\/portal\/wp-json\/wp\/v2\/users\/2"}],"replies":[{"embeddable":true,"href":"https:\/\/tvc16.com\/portal\/wp-json\/wp\/v2\/comments?post=9611"}],"version-history":[{"count":1,"href":"https:\/\/tvc16.com\/portal\/wp-json\/wp\/v2\/posts\/9611\/revisions"}],"predecessor-version":[{"id":9615,"href":"https:\/\/tvc16.com\/portal\/wp-json\/wp\/v2\/posts\/9611\/revisions\/9615"}],"wp:featuredmedia":[{"embeddable":true,"href":"https:\/\/tvc16.com\/portal\/wp-json\/wp\/v2\/media\/9614"}],"wp:attachment":[{"href":"https:\/\/tvc16.com\/portal\/wp-json\/wp\/v2\/media?parent=9611"}],"wp:term":[{"taxonomy":"category","embeddable":true,"href":"https:\/\/tvc16.com\/portal\/wp-json\/wp\/v2\/categories?post=9611"},{"taxonomy":"post_tag","embeddable":true,"href":"https:\/\/tvc16.com\/portal\/wp-json\/wp\/v2\/tags?post=9611"}],"curies":[{"name":"wp","href":"https:\/\/api.w.org\/{rel}","templated":true}]}}