{"id":9616,"date":"2021-01-14T21:30:05","date_gmt":"2021-01-15T00:30:05","guid":{"rendered":"https:\/\/tvc16.com\/portal\/?p=9616"},"modified":"2021-01-14T21:42:09","modified_gmt":"2021-01-15T00:42:09","slug":"mudanca-na-estrutura-do-sehac-extingue-tres-cargos-de-diretoria-que-faz-parte-do-plano-de-reducao-de-custos-do-governo-interino","status":"publish","type":"post","link":"https:\/\/tvc16.com\/portal\/2021\/01\/14\/mudanca-na-estrutura-do-sehac-extingue-tres-cargos-de-diretoria-que-faz-parte-do-plano-de-reducao-de-custos-do-governo-interino\/","title":{"rendered":"Mudan\u00e7a na estrutura do Sehac  extingue tr\u00eas cargos de diretoria, que faz parte do plano de redu\u00e7\u00e3o de custos do governo interino"},"content":{"rendered":"\n<p>O Conselho Administrativo do Servi\u00e7o Social Aut\u00f4nomo do Hospital Alcides Carneiro (Sehac), em reuni\u00e3o realizada na tarde desta quinta-feira (14), acatou, por unanimidade, indica\u00e7\u00e3o de Ronye Faraco como diretora geral do HAC e de Luiz Cruzick como diretor geral das UPAs. Filipe Fortuna foi mantido como presidente do Sehac. A mudan\u00e7a na estrutura do Sehac tamb\u00e9m inclui a supress\u00e3o de tr\u00eas cargos de diretoria, que faz parte do plano de redu\u00e7\u00e3o de custos do governo interino.<\/p>\n\n\n\n<p>\u201cEstamos fazendo uma reestrutura\u00e7\u00e3o no Sehac para melhorar o atendimento e a gest\u00e3o do Hospital Alcides Carneiro e das UPAs\u201d, comentou o prefeito interino Hingo Hammes, anunciando que destinou recursos pr\u00f3prios para compra de insumos para o HAC, que est\u00e1 tendo os estoques regularizados.<\/p>\n\n\n\n<p>O secret\u00e1rio de Sa\u00fade, Alo\u00edsio Barbosa da Silva Filho lembrou que a altera\u00e7\u00e3o no funcionamento das UPAs, implementada nesta quinta-feira, tamb\u00e9m faz parte da reestrutura\u00e7\u00e3o planejada para melhorar o fluxo de atendimento dos pacientes.<\/p>\n\n\n\n<p>\u201c\u00c9 importante construirmos uma pol\u00edtica de parceria para que todos trabalhem buscando alternativas focadas em oferecer atendimento de qualidade para os pacientes\u201d, comentou o secret\u00e1rio.<\/p>\n","protected":false},"excerpt":{"rendered":"<p>O Conselho Administrativo do Servi\u00e7o Social Aut\u00f4nomo do Hospital Alcides Carneiro (Sehac), em reuni\u00e3o realizada<\/p>\n","protected":false},"author":2,"featured_media":9624,"comment_status":"open","ping_status":"open","sticky":false,"template":"","format":"standard","meta":{"footnotes":""},"categories":[12],"tags":[],"class_list":["post-9616","post","type-post","status-publish","format-standard","has-post-thumbnail","hentry","category-cidade"],"_links":{"self":[{"href":"https:\/\/tvc16.com\/portal\/wp-json\/wp\/v2\/posts\/9616","targetHints":{"allow":["GET"]}}],"collection":[{"href":"https:\/\/tvc16.com\/portal\/wp-json\/wp\/v2\/posts"}],"about":[{"href":"https:\/\/tvc16.com\/portal\/wp-json\/wp\/v2\/types\/post"}],"author":[{"embeddable":true,"href":"https:\/\/tvc16.com\/portal\/wp-json\/wp\/v2\/users\/2"}],"replies":[{"embeddable":true,"href":"https:\/\/tvc16.com\/portal\/wp-json\/wp\/v2\/comments?post=9616"}],"version-history":[{"count":1,"href":"https:\/\/tvc16.com\/portal\/wp-json\/wp\/v2\/posts\/9616\/revisions"}],"predecessor-version":[{"id":9619,"href":"https:\/\/tvc16.com\/portal\/wp-json\/wp\/v2\/posts\/9616\/revisions\/9619"}],"wp:featuredmedia":[{"embeddable":true,"href":"https:\/\/tvc16.com\/portal\/wp-json\/wp\/v2\/media\/9624"}],"wp:attachment":[{"href":"https:\/\/tvc16.com\/portal\/wp-json\/wp\/v2\/media?parent=9616"}],"wp:term":[{"taxonomy":"category","embeddable":true,"href":"https:\/\/tvc16.com\/portal\/wp-json\/wp\/v2\/categories?post=9616"},{"taxonomy":"post_tag","embeddable":true,"href":"https:\/\/tvc16.com\/portal\/wp-json\/wp\/v2\/tags?post=9616"}],"curies":[{"name":"wp","href":"https:\/\/api.w.org\/{rel}","templated":true}]}}