{"id":9625,"date":"2021-01-14T23:32:18","date_gmt":"2021-01-15T02:32:18","guid":{"rendered":"https:\/\/tvc16.com\/portal\/?p=9625"},"modified":"2021-01-14T23:32:20","modified_gmt":"2021-01-15T02:32:20","slug":"ministerio-publico-decide-avaliar-os-impactos-do-fechamento-de-fabricas-da-ford-no-brasil","status":"publish","type":"post","link":"https:\/\/tvc16.com\/portal\/2021\/01\/14\/ministerio-publico-decide-avaliar-os-impactos-do-fechamento-de-fabricas-da-ford-no-brasil\/","title":{"rendered":"Minist\u00e9rio P\u00fablico decide avaliar os impactos do fechamento de f\u00e1bricas da Ford no Brasil"},"content":{"rendered":"\n<p>\u00d3rg\u00e3o acredita que o fim das atividades de fabrica\u00e7\u00e3o de ve\u00edculos no Brasil pode gerar preju\u00edzos ao setor industrial<\/p>\n\n\n\n<p>Para acompanhar os impactos socioecon\u00f4micos e concorrenciais do fechamento de f\u00e1bricas de autom\u00f3veis no Pa\u00eds, a C\u00e2mara de Consumidor e Ordem Econ\u00f4mica do Minist\u00e9rio P\u00fablico Federal (3CCR\/MPF) instaurou procedimento administrativo. A medida foi tomada ap\u00f3s a empresa Ford anunciar que vai fechar suas f\u00e1bricas no Brasil, encerrando a produ\u00e7\u00e3o de ve\u00edculos no pa\u00eds.<\/p>\n\n\n\n<p>O subprocurador-geral da Rep\u00fablica Luiz Augusto Santos, acredita que o fim das atividades de fabrica\u00e7\u00e3o de ve\u00edculos no Brasil pode gerar preju\u00edzos ao setor industrial, com impactos \u201ccapazes de provocar a redu\u00e7\u00e3o dos n\u00edveis de renda e emprego nacionais, afetando negativamente a economia\u201d. O procedimento administrativo tem objetivo de coletar, sistematizar e tratar os dados ou informa\u00e7\u00f5es t\u00e9cnico-jur\u00eddicas voltadas a subsidiar eventuais medidas no \u00e2mbito do MPF.<\/p>\n\n\n\n<p>Fonte: <a href=\"https:\/\/brasil61.com\/noticias\/ministerio-publico-decide-avaliar-os-impactos-do-fechamento-de-fabricas-da-ford-no-brasil-bras213396?email=bethdeoliveira@yahoo.com.br&amp;utm_source=newsletter&amp;utm_medium=newsletter&amp;utm_campaign=newsletter\" target=\"_blank\" rel=\"noreferrer noopener\">Brasil 61<\/a><\/p>\n\n\n\n<p><\/p>\n","protected":false},"excerpt":{"rendered":"<p>\u00d3rg\u00e3o acredita que o fim das atividades de fabrica\u00e7\u00e3o de ve\u00edculos no Brasil pode gerar<\/p>\n","protected":false},"author":2,"featured_media":9627,"comment_status":"open","ping_status":"open","sticky":false,"template":"","format":"standard","meta":{"footnotes":""},"categories":[17],"tags":[],"class_list":["post-9625","post","type-post","status-publish","format-standard","has-post-thumbnail","hentry","category-outras-noticias"],"_links":{"self":[{"href":"https:\/\/tvc16.com\/portal\/wp-json\/wp\/v2\/posts\/9625","targetHints":{"allow":["GET"]}}],"collection":[{"href":"https:\/\/tvc16.com\/portal\/wp-json\/wp\/v2\/posts"}],"about":[{"href":"https:\/\/tvc16.com\/portal\/wp-json\/wp\/v2\/types\/post"}],"author":[{"embeddable":true,"href":"https:\/\/tvc16.com\/portal\/wp-json\/wp\/v2\/users\/2"}],"replies":[{"embeddable":true,"href":"https:\/\/tvc16.com\/portal\/wp-json\/wp\/v2\/comments?post=9625"}],"version-history":[{"count":1,"href":"https:\/\/tvc16.com\/portal\/wp-json\/wp\/v2\/posts\/9625\/revisions"}],"predecessor-version":[{"id":9628,"href":"https:\/\/tvc16.com\/portal\/wp-json\/wp\/v2\/posts\/9625\/revisions\/9628"}],"wp:featuredmedia":[{"embeddable":true,"href":"https:\/\/tvc16.com\/portal\/wp-json\/wp\/v2\/media\/9627"}],"wp:attachment":[{"href":"https:\/\/tvc16.com\/portal\/wp-json\/wp\/v2\/media?parent=9625"}],"wp:term":[{"taxonomy":"category","embeddable":true,"href":"https:\/\/tvc16.com\/portal\/wp-json\/wp\/v2\/categories?post=9625"},{"taxonomy":"post_tag","embeddable":true,"href":"https:\/\/tvc16.com\/portal\/wp-json\/wp\/v2\/tags?post=9625"}],"curies":[{"name":"wp","href":"https:\/\/api.w.org\/{rel}","templated":true}]}}