{"id":9631,"date":"2021-01-15T17:20:33","date_gmt":"2021-01-15T20:20:33","guid":{"rendered":"https:\/\/tvc16.com\/portal\/?p=9631"},"modified":"2021-01-15T17:39:08","modified_gmt":"2021-01-15T20:39:08","slug":"governo-do-estado-avanca-no-projeto-de-recuperacao-da-serra-velha-licitacao-para-execucao-de-servico-na-rj-107-e-homologada","status":"publish","type":"post","link":"https:\/\/tvc16.com\/portal\/2021\/01\/15\/governo-do-estado-avanca-no-projeto-de-recuperacao-da-serra-velha-licitacao-para-execucao-de-servico-na-rj-107-e-homologada\/","title":{"rendered":"Governo do Estado avan\u00e7a no projeto de recupera\u00e7\u00e3o da Serra Velha Licita\u00e7\u00e3o para execu\u00e7\u00e3o de servi\u00e7o na RJ-107 \u00e9 homologada"},"content":{"rendered":"\n<p>Ap\u00f3s diversas a\u00e7\u00f5es de manuten\u00e7\u00e3o e de emerg\u00eancia, Petr\u00f3polis est\u00e1 mais<br>pr\u00f3ximo de enfim recuperar a RJ-107, conhecida como a Serra Velha. A licita\u00e7\u00e3o para execu\u00e7\u00e3o do Projeto B\u00e1sico de recupera\u00e7\u00e3o da via foi<br>homologada pelo Governo do Estado, na \u00faltima quarta-feira, dia 13. O esfor\u00e7o para restaura\u00e7\u00e3o e recupera\u00e7\u00e3o da Serra Velha foi uma das<br>bandeiras defendidas pelo ent\u00e3o prefeito Bernardo Rossi, que anunciou no \u00faltimo ano que o projeto final seria apoiado pelo Governo do Estado do<br>Rio de Janeiro, devido as articula\u00e7\u00f5es pol\u00edticas. A conclus\u00e3o da licita\u00e7\u00e3o do Projeto B\u00e1sico \u00e9 prova do comprometimento do atual governador Cl\u00e1udio Castro com a Regi\u00e3o Serrana.<\/p>\n\n\n\n<p><\/p>\n\n\n\n<figure class=\"wp-block-image size-large\"><img loading=\"lazy\" decoding=\"async\" width=\"878\" height=\"517\" src=\"https:\/\/tvc16.com\/portal\/wp-content\/uploads\/2021\/01\/IMG-20210115-WA0056.jpg\" alt=\"\" class=\"wp-image-9635\" srcset=\"https:\/\/tvc16.com\/portal\/wp-content\/uploads\/2021\/01\/IMG-20210115-WA0056.jpg 878w, https:\/\/tvc16.com\/portal\/wp-content\/uploads\/2021\/01\/IMG-20210115-WA0056-300x177.jpg 300w, https:\/\/tvc16.com\/portal\/wp-content\/uploads\/2021\/01\/IMG-20210115-WA0056-768x452.jpg 768w\" sizes=\"auto, (max-width: 878px) 100vw, 878px\" \/><figcaption>Foto arquivo: ent\u00e3o prefeito Bernardo Rossi e vice Baninho <\/figcaption><\/figure>\n\n\n\n<p><br>O processo publicado em Di\u00e1rio Oficial pela Secretaria de Estado de Cidades prev\u00ea a execu\u00e7\u00e3o de servi\u00e7os t\u00e9cnicos especializados visando \u00e0<br>elabora\u00e7\u00e3o de Projeto B\u00e1sico de Engenharia Rodovi\u00e1ria destinado \u00e0 restaura\u00e7\u00e3o e recupera\u00e7\u00e3o do pavimento, drenagem e OAC&#8217;s, sinaliza\u00e7\u00e3o<br>horizontal e vertical, al\u00e9m da preserva\u00e7\u00e3o do Patrim\u00f4nio Hist\u00f3rico e Cultural na rodovia. O trecho contemplado ser\u00e1 de 11,5 quil\u00f4metros,<br>entre a f\u00e1brica de p\u00f3lvora do Minist\u00e9rio do Ex\u00e9rcito e o conjunto residencial Gr\u00e3o Par\u00e1.<\/p>\n\n\n\n<p>Deteriora\u00e7\u00e3o da Serra Velha \u00e9 reclama\u00e7\u00e3o de d\u00e9cadas dos moradores<\/p>\n\n\n\n<p>Durante d\u00e9cadas, moradores da regi\u00e3o acompanharam e sofreram com a<br>deteriora\u00e7\u00e3o total da RJ-107. As reclama\u00e7\u00f5es giram em torno principalmente&nbsp; do estado da pavimenta\u00e7\u00e3o, que chegou a condi\u00e7\u00f5es<br>prec\u00e1rias e dificulta o tr\u00e1fego de \u00f4nibus e demais ve\u00edculos.<br>Nos \u00faltimos anos, a articula\u00e7\u00e3o pol\u00edtica entre a prefeitura e o DER rendeu um trabalho conjunto para melhorar as condi\u00e7\u00f5es da Serra Velha. O<br>\u00f3rg\u00e3o estadual chegou a ceder 15 toneladas de asfalto para que o munic\u00edpio realizasse o servi\u00e7o na Lopes Trov\u00e3o.<br>O avan\u00e7o das etapas quanto \u00e0 recupera\u00e7\u00e3o e restaura\u00e7\u00e3o efetiva da via era uma demanda extremamente aguardada pela popula\u00e7\u00e3o pela esperan\u00e7a de sanar a necessidade constante de interven\u00e7\u00f5es pontuais no local.<\/p>\n","protected":false},"excerpt":{"rendered":"<p>Ap\u00f3s diversas a\u00e7\u00f5es de manuten\u00e7\u00e3o e de emerg\u00eancia, Petr\u00f3polis est\u00e1 maispr\u00f3ximo de enfim recuperar a<\/p>\n","protected":false},"author":2,"featured_media":9632,"comment_status":"open","ping_status":"open","sticky":false,"template":"","format":"standard","meta":{"footnotes":""},"categories":[12],"tags":[],"class_list":["post-9631","post","type-post","status-publish","format-standard","has-post-thumbnail","hentry","category-cidade"],"_links":{"self":[{"href":"https:\/\/tvc16.com\/portal\/wp-json\/wp\/v2\/posts\/9631","targetHints":{"allow":["GET"]}}],"collection":[{"href":"https:\/\/tvc16.com\/portal\/wp-json\/wp\/v2\/posts"}],"about":[{"href":"https:\/\/tvc16.com\/portal\/wp-json\/wp\/v2\/types\/post"}],"author":[{"embeddable":true,"href":"https:\/\/tvc16.com\/portal\/wp-json\/wp\/v2\/users\/2"}],"replies":[{"embeddable":true,"href":"https:\/\/tvc16.com\/portal\/wp-json\/wp\/v2\/comments?post=9631"}],"version-history":[{"count":2,"href":"https:\/\/tvc16.com\/portal\/wp-json\/wp\/v2\/posts\/9631\/revisions"}],"predecessor-version":[{"id":9636,"href":"https:\/\/tvc16.com\/portal\/wp-json\/wp\/v2\/posts\/9631\/revisions\/9636"}],"wp:featuredmedia":[{"embeddable":true,"href":"https:\/\/tvc16.com\/portal\/wp-json\/wp\/v2\/media\/9632"}],"wp:attachment":[{"href":"https:\/\/tvc16.com\/portal\/wp-json\/wp\/v2\/media?parent=9631"}],"wp:term":[{"taxonomy":"category","embeddable":true,"href":"https:\/\/tvc16.com\/portal\/wp-json\/wp\/v2\/categories?post=9631"},{"taxonomy":"post_tag","embeddable":true,"href":"https:\/\/tvc16.com\/portal\/wp-json\/wp\/v2\/tags?post=9631"}],"curies":[{"name":"wp","href":"https:\/\/api.w.org\/{rel}","templated":true}]}}