{"id":9637,"date":"2021-01-15T21:13:10","date_gmt":"2021-01-16T00:13:10","guid":{"rendered":"https:\/\/tvc16.com\/portal\/?p=9637"},"modified":"2021-01-15T21:13:12","modified_gmt":"2021-01-16T00:13:12","slug":"casa-do-trabalhador-inaugurada-na-ultima-terca-feira-12-pelo-prefeito-interino-hingo-hammes-e-pelo-governador-claudio-castro-ja-realizou-em-tres-dias-mais-de-350-atendimentos-e-entregou-80-novas","status":"publish","type":"post","link":"https:\/\/tvc16.com\/portal\/2021\/01\/15\/casa-do-trabalhador-inaugurada-na-ultima-terca-feira-12-pelo-prefeito-interino-hingo-hammes-e-pelo-governador-claudio-castro-ja-realizou-em-tres-dias-mais-de-350-atendimentos-e-entregou-80-novas\/","title":{"rendered":"Casa do Trabalhador, inaugurada na \u00faltima ter\u00e7a-feira (12) pelo prefeito interino Hingo Hammes e pelo governador Claudio Castro, j\u00e1 realizou, em tr\u00eas dias, mais de 350 atendimentos e entregou 80 novas carteiras de trabalho"},"content":{"rendered":"\n<p>A unidade funciona no espa\u00e7o que abrigava o antigo posto do Detran, no Terminal Centro.<\/p>\n\n\n\n<p>Entre os benef\u00edcios oferecidos com a implanta\u00e7\u00e3o da Casa do Trabalhador destaca-se o desenvolvimento de a\u00e7\u00f5es que visam a inser\u00e7\u00e3o no mercado de trabalho buscando equilibrar a qualifica\u00e7\u00e3o profissional e a demanda local. O programa tamb\u00e9m prev\u00ea parcerias e acordos com diferentes institui\u00e7\u00f5es para oferta de palestras e oficinas para capacitar a popula\u00e7\u00e3o.<\/p>\n\n\n\n<p>&#8220;A Casa do Trabalhador j\u00e1 exerce um papel importante para as pessoas que buscam uma recoloca\u00e7\u00e3o no mercado. No espa\u00e7o, por exemplo, o jovem que procura o primeiro emprego ou a pessoa que ficou desempregada, poder\u00e3o procurar uma nova oportunidade, seguindo a orienta\u00e7\u00e3o de profissionais. Al\u00e9m disso s\u00e3o oferecidos cursos, cadastro de MEI, carteira de trabalho, al\u00e9m de direcionamento ao jovem aprendiz&#8221;, aponta o prefeito interino Hingo Hammes.<\/p>\n\n\n\n<figure class=\"wp-block-image size-large\"><img loading=\"lazy\" decoding=\"async\" width=\"512\" height=\"341\" src=\"https:\/\/tvc16.com\/portal\/wp-content\/uploads\/2021\/01\/unnamed-1.jpg\" alt=\"\" class=\"wp-image-9638\" srcset=\"https:\/\/tvc16.com\/portal\/wp-content\/uploads\/2021\/01\/unnamed-1.jpg 512w, https:\/\/tvc16.com\/portal\/wp-content\/uploads\/2021\/01\/unnamed-1-300x200.jpg 300w\" sizes=\"auto, (max-width: 512px) 100vw, 512px\" \/><figcaption>Governador em exerc\u00edcio, Cl\u00e1udio Castro, inaugura a casa do trabalhador, em Petr\u00f3polis<\/figcaption><\/figure>\n\n\n\n<p><\/p>\n\n\n\n<p>O Detra tamb\u00e9m foi transferido para a Casa do Trabalhador. De acordo com o secret\u00e1rio de Desenvolvimento Econ\u00f4mico, Marcelo Soares, essa a\u00e7\u00e3o vai facilitar a vida das pessoas. \u201cNo mesmo local a pessoa pode ter a emiss\u00e3o da carteira de identidade, orienta\u00e7\u00e3o para montar um curr\u00edculo mais eficiente e ter acesso ao Balc\u00e3o de Empregos da Prefeitura. Tudo isso em \u00fanico local, uma facilidade para o cidad\u00e3o\u201d, destaca.<\/p>\n\n\n\n<p>Atualmente, existem seis unidades da Casa do Trabalhador, sendo tr\u00eas localizadas no munic\u00edpio do Rio de Janeiro, na Ilha do Governador, Manguinhos e Shopping Guadalupe, uma no munic\u00edpio de Itatiaia, outra em Nova Friburgo e a sede de Petr\u00f3polis.<\/p>\n\n\n\n<p><\/p>\n\n\n\n<figure class=\"wp-block-image size-large\"><img loading=\"lazy\" decoding=\"async\" width=\"512\" height=\"341\" src=\"https:\/\/tvc16.com\/portal\/wp-content\/uploads\/2021\/01\/unnamed-2.jpg\" alt=\"\" class=\"wp-image-9639\" srcset=\"https:\/\/tvc16.com\/portal\/wp-content\/uploads\/2021\/01\/unnamed-2.jpg 512w, https:\/\/tvc16.com\/portal\/wp-content\/uploads\/2021\/01\/unnamed-2-300x200.jpg 300w\" sizes=\"auto, (max-width: 512px) 100vw, 512px\" \/><figcaption>Governador em exerc\u00edcio, Cl\u00e1udio Castro, inaugura a casa do trabalhador, em Petr\u00f3polis<\/figcaption><\/figure>\n","protected":false},"excerpt":{"rendered":"<p>A unidade funciona no espa\u00e7o que abrigava o antigo posto do Detran, no Terminal Centro.<\/p>\n","protected":false},"author":2,"featured_media":9640,"comment_status":"open","ping_status":"open","sticky":false,"template":"","format":"standard","meta":{"footnotes":""},"categories":[12],"tags":[],"class_list":["post-9637","post","type-post","status-publish","format-standard","has-post-thumbnail","hentry","category-cidade"],"_links":{"self":[{"href":"https:\/\/tvc16.com\/portal\/wp-json\/wp\/v2\/posts\/9637","targetHints":{"allow":["GET"]}}],"collection":[{"href":"https:\/\/tvc16.com\/portal\/wp-json\/wp\/v2\/posts"}],"about":[{"href":"https:\/\/tvc16.com\/portal\/wp-json\/wp\/v2\/types\/post"}],"author":[{"embeddable":true,"href":"https:\/\/tvc16.com\/portal\/wp-json\/wp\/v2\/users\/2"}],"replies":[{"embeddable":true,"href":"https:\/\/tvc16.com\/portal\/wp-json\/wp\/v2\/comments?post=9637"}],"version-history":[{"count":1,"href":"https:\/\/tvc16.com\/portal\/wp-json\/wp\/v2\/posts\/9637\/revisions"}],"predecessor-version":[{"id":9641,"href":"https:\/\/tvc16.com\/portal\/wp-json\/wp\/v2\/posts\/9637\/revisions\/9641"}],"wp:featuredmedia":[{"embeddable":true,"href":"https:\/\/tvc16.com\/portal\/wp-json\/wp\/v2\/media\/9640"}],"wp:attachment":[{"href":"https:\/\/tvc16.com\/portal\/wp-json\/wp\/v2\/media?parent=9637"}],"wp:term":[{"taxonomy":"category","embeddable":true,"href":"https:\/\/tvc16.com\/portal\/wp-json\/wp\/v2\/categories?post=9637"},{"taxonomy":"post_tag","embeddable":true,"href":"https:\/\/tvc16.com\/portal\/wp-json\/wp\/v2\/tags?post=9637"}],"curies":[{"name":"wp","href":"https:\/\/api.w.org\/{rel}","templated":true}]}}