{"id":9642,"date":"2021-01-15T21:26:18","date_gmt":"2021-01-16T00:26:18","guid":{"rendered":"https:\/\/tvc16.com\/portal\/?p=9642"},"modified":"2021-01-15T21:26:21","modified_gmt":"2021-01-16T00:26:21","slug":"visando-colocar-em-pratica-o-sistema-municipal-de-museus-smm-de-petropolis-a-prefeitura-esta-incentivando-a-formacao-da-primeira-comissao-gestora-do-smm-o-objetivo-do-sistema-e-desenvolver-ativida","status":"publish","type":"post","link":"https:\/\/tvc16.com\/portal\/2021\/01\/15\/visando-colocar-em-pratica-o-sistema-municipal-de-museus-smm-de-petropolis-a-prefeitura-esta-incentivando-a-formacao-da-primeira-comissao-gestora-do-smm-o-objetivo-do-sistema-e-desenvolver-ativida\/","title":{"rendered":"Visando colocar em pr\u00e1tica o Sistema Municipal de Museus (SMM) de Petr\u00f3polis, a prefeitura est\u00e1 incentivando a forma\u00e7\u00e3o da primeira comiss\u00e3o gestora do SMM. O objetivo do sistema \u00e9 desenvolver atividades integradas entre os museus e os espa\u00e7os culturais da cidade do munic\u00edpio"},"content":{"rendered":"\n<p>Al\u00e9m disso, a gest\u00e3o do Sistema Municipal de Museus est\u00e1 como uma das metas para o setor cultural descritas no Plano Plurianual do Munic\u00edpio (2018-2021). As institui\u00e7\u00f5es participantes da comiss\u00e3o j\u00e1 podem definir seus representantes e informar atrav\u00e9s do e-mail: presidenciaimce@gmail.com.<\/p>\n\n\n\n<p>O sistema busca desenvolver atividades em museus e centros culturais de forma integrada e colaborativa entre poder p\u00fablico e sociedade civil, tudo vinculado ao Conselho Municipal de Cultura do munic\u00edpio. &#8220;Petr\u00f3polis, como uma cidade hist\u00f3rica, re\u00fane importantes institui\u00e7\u00f5es museol\u00f3gicas e um rico patrim\u00f4nio cultural. O Sistema de Museus ser\u00e1 importante no p\u00f3s-pandemia, divulgando esses espa\u00e7os com o objetivo de aumentar o n\u00famero de visitantes nestes locais, al\u00e9m de ajudar na preserva\u00e7\u00e3o e valoriza\u00e7\u00e3o do patrim\u00f4nio museol\u00f3gico&#8221;, afirmou o prefeito interino Hingo Hammes.<\/p>\n\n\n\n<p>A iniciativa vai ampliar a visibilidade desses espa\u00e7os na cidade com o objetivo de aumentar o n\u00famero de visitantes. Al\u00e9m disso, o Sistema de Museus vai estreitar as rela\u00e7\u00f5es, estimular e acompanhar a cria\u00e7\u00e3o de programas e de atividades, de acordo com as especificidades e o desenvolvimento da a\u00e7\u00e3o cultural de cada entidade museol\u00f3gica, em acordo com a diversidade cultural do munic\u00edpio.<\/p>\n\n\n\n<p>&#8220;Essa \u00e9 uma iniciativa pioneira no Estado do Rio de Janeiro e que est\u00e1 alinhada \u00e0s principais a\u00e7\u00f5es de preserva\u00e7\u00e3o e valoriza\u00e7\u00e3o do Patrim\u00f4nio Hist\u00f3rico e Art\u00edstico Nacional. A integra\u00e7\u00e3o entre o poder p\u00fablico e a sociedade civil ser\u00e1 fundamental para que a gente consiga resgatar o n\u00famero de visitantes desses locais no p\u00f3s-pandemia&#8221;, garantiu Leandro Kronemberger, presidente do Instituto Municipal de Cultura e Esportes (IMCE).<\/p>\n\n\n\n<p>Os representantes s\u00e3o definidos de livre escolha de suas institui\u00e7\u00f5es respons\u00e1veis, sendo necess\u00e1ria publica\u00e7\u00e3o no Di\u00e1rio Oficial do Munic\u00edpio. Para os interessados encaminhar of\u00edcio para o e-mail: presidenciaimce@gmail.com. J\u00e1 as entidades museol\u00f3gicas n\u00e3o relacionadas que desejarem obter vaga na Comiss\u00e3o Gestora do Sistema Municipal de Museus, dever\u00e3o formular proposta por escrito, endere\u00e7ada \u00e0 presid\u00eancia do Conselho Municipal de Cultura, que submeter\u00e1 o pedido \u00e0 aprova\u00e7\u00e3o da Plen\u00e1ria, ap\u00f3s parecer da Comiss\u00e3o Gestora do Sistema Municipal de Museus.<\/p>\n\n\n\n<p>A Comiss\u00e3o Gestora do Sistema Municipal de Museus ter\u00e1 a seguinte composi\u00e7\u00e3o:<\/p>\n\n\n\n<p>I \u2013 como representantes do Poder P\u00fablico:<br>a) 1 (um) representante titular e suplente da Secretaria de Governo;<br>b) 1 (um) representante titular e suplente da Secretaria de Cultura;<br>c) 1 (um) representante titular e suplente da Secretaria de Turismo;<br>d) 1 (um) representante titular e suplente da Secretaria de Educa\u00e7\u00e3o;<br>e) 1 (um) representante titular e suplente da Secretaria de Planejamento e Desenvolvimento Econ\u00f4mico;<br>f) 1 (um) representante titular e suplente da Secretaria de Meio Ambiente e Desenvolvimento Sustent\u00e1vel;<br>g) 1 (um) representante titular e suplente da C\u00e2mara Municipal;<br>h) Ser\u00e3o tamb\u00e9m convidados a participar da Comiss\u00e3o Gestora do Sistema Municipal de Museus, na categoria de representantes do Poder P\u00fablico: 1 (um) representante titular e suplente do Instituto do Patrim\u00f4nio Hist\u00f3rico e Art\u00edstico Nacional \u2013 IPHAN, 1 (um) representante titular e suplente do Instituto Estadual do Patrim\u00f4nio Cultural \u2013 INEPAC e 1 (um) representante titular e suplente do Sistema Estadual de Museus do Rio de Janeiro &#8211; SIMRJ, aos quais se atribuir\u00e3o os mesmos direitos de voz e voto que aos demais representantes.<\/p>\n\n\n\n<p>II \u2013 como representantes da Sociedade Civil:<br>a) 2 (dois) representantes titular e suplente cada, indicados pelo Museu Imperial, sendo um deles integrante da equipe da Casa Cl\u00e1udio de Souza;<br>b) 1 (um) representante titular e suplente indicado pelo Pal\u00e1cio Rio Negro\/Museu da Rep\u00fablica;<br>c) 1 (um) representante titular e suplente indicado pelo Museu Casa do Colono;<br>d) 1 (um) representante titular e suplente indicado pelo Museu Casa de Santos-Dumont;<br>e) 1 (um) representante titular e suplente indicado pelo Museu Ferrovi\u00e1rio de Petr\u00f3polis \u2013 Centro Cultural Esta\u00e7\u00e3o Nogueira;<br>f) 1 (um) representante titular e suplente indicado pela Casa Stefan Zweig;<br>g) 1 (um) representante titular e suplente indicado pelo Museu\/ Centro de Experi\u00eancias da Cervejaria Bohemia;<br>h) 1 (um) representante titular e suplente indicado pelo Centro Alceu Amoroso Lima para a Liberdade\/ Universidade C\u00e2ndido Mendes;<br>i) 1(um) representante titular e suplente indicado pelo Pal\u00e1cio Itabora\u00ed\/ Funda\u00e7\u00e3o Oswaldo Cruz \u2013 FIOCRUZ;<br>j) 1 (um) representante titular e suplente indicado pelo Museu da For\u00e7a Expedicion\u00e1ria Brasileira;<br>k) 1 (um) representante titular e suplente indicado pelo Museu de Cera de Petr\u00f3polis;<br>l) 1 (um) representante titular e suplente indicado pelo Museu do Artesanato;<br>m) 1 (um) representante titular e suplente indicado pela Casa da Ipiranga;<br>n) 1 (um) representante titular e suplente indicado pela Casa de Saint \u2013 Exup\u00e9ry\/ La Grande Vall\u00e9e;<br>o) 1 (um) representante titular e suplente indicado pelo Centro Cultural Esta\u00e7\u00e3o Ferrovi\u00e1ria de Cascatinha;<br>p) 1 (um) representante titular e suplente indicado pelo Centro Cultural Esta\u00e7\u00e3o Ferrovi\u00e1ria de Pedro do Rio;<br>q) 1 (um) representante titular e suplente indicado pelo Instituto Hist\u00f3rico de Petr\u00f3polis;<br>r) 1 (um) representante titular e suplente indicado pela Universidade Cat\u00f3lica de Petr\u00f3polis;<br>s) 1 (um) representante titular e suplente indicado pela Universidade Est\u00e1cio de S\u00e1 em Petr\u00f3polis;<br>t) 1 (um) representante titular e suplente indicado pela Faculdade Arthur S\u00e1 Earp Neto;<br>u) 1 (um) representante titular e suplente indicado pela Universidade Norte do Paran\u00e1 \u2013 UNOPAR em Petr\u00f3polis;<br>v) 1 (um) representante titular e suplente indicado pelo Centro Federal de Educa\u00e7\u00e3o Tecnol\u00f3gica Celso Suckow da Fonseca \u2013 CEFET em Petr\u00f3polis;<br>w) 1 (um) representante titular e suplente indicado pela Universidade do Estado do Rio de Janeiro \u2013 UERJ;<br>x) 1 (um) representante titular e suplente indicado pelo Conselho Municipal de Cultura;<br>y) 1 (um) representante titular e suplente indicado pelo Conselho Municipal de Turismo;<br>z) 1 (um) representante titular e suplente indicado pelo Conselho Municipal de Tombamento;<\/p>\n","protected":false},"excerpt":{"rendered":"<p>Al\u00e9m disso, a gest\u00e3o do Sistema Municipal de Museus est\u00e1 como uma das metas para<\/p>\n","protected":false},"author":2,"featured_media":9643,"comment_status":"open","ping_status":"open","sticky":false,"template":"","format":"standard","meta":{"footnotes":""},"categories":[12],"tags":[],"class_list":["post-9642","post","type-post","status-publish","format-standard","has-post-thumbnail","hentry","category-cidade"],"_links":{"self":[{"href":"https:\/\/tvc16.com\/portal\/wp-json\/wp\/v2\/posts\/9642","targetHints":{"allow":["GET"]}}],"collection":[{"href":"https:\/\/tvc16.com\/portal\/wp-json\/wp\/v2\/posts"}],"about":[{"href":"https:\/\/tvc16.com\/portal\/wp-json\/wp\/v2\/types\/post"}],"author":[{"embeddable":true,"href":"https:\/\/tvc16.com\/portal\/wp-json\/wp\/v2\/users\/2"}],"replies":[{"embeddable":true,"href":"https:\/\/tvc16.com\/portal\/wp-json\/wp\/v2\/comments?post=9642"}],"version-history":[{"count":1,"href":"https:\/\/tvc16.com\/portal\/wp-json\/wp\/v2\/posts\/9642\/revisions"}],"predecessor-version":[{"id":9644,"href":"https:\/\/tvc16.com\/portal\/wp-json\/wp\/v2\/posts\/9642\/revisions\/9644"}],"wp:featuredmedia":[{"embeddable":true,"href":"https:\/\/tvc16.com\/portal\/wp-json\/wp\/v2\/media\/9643"}],"wp:attachment":[{"href":"https:\/\/tvc16.com\/portal\/wp-json\/wp\/v2\/media?parent=9642"}],"wp:term":[{"taxonomy":"category","embeddable":true,"href":"https:\/\/tvc16.com\/portal\/wp-json\/wp\/v2\/categories?post=9642"},{"taxonomy":"post_tag","embeddable":true,"href":"https:\/\/tvc16.com\/portal\/wp-json\/wp\/v2\/tags?post=9642"}],"curies":[{"name":"wp","href":"https:\/\/api.w.org\/{rel}","templated":true}]}}