{"id":96444,"date":"2024-12-28T09:36:34","date_gmt":"2024-12-28T12:36:34","guid":{"rendered":"https:\/\/tvc16.com\/portal\/?p=96444"},"modified":"2024-12-28T09:36:36","modified_gmt":"2024-12-28T12:36:36","slug":"prefeitura-sanciona-mudancas-na-carga-horaria-de-professores-do-rio","status":"publish","type":"post","link":"https:\/\/tvc16.com\/portal\/2024\/12\/28\/prefeitura-sanciona-mudancas-na-carga-horaria-de-professores-do-rio\/","title":{"rendered":"Prefeitura sanciona mudan\u00e7as na carga hor\u00e1ria de professores do Rio"},"content":{"rendered":"\n<p><em>Licen\u00e7a-pr\u00eamio dos profissionais da educa\u00e7\u00e3o foi extinta<\/em><\/p>\n\n\n\n<p>Por Douglas Corr\u00eaa &#8211; Rep\u00f3rter da Ag\u00eancia Brasil \/ Foto: Jos\u00e9 Cruz\/Ag\u00eancia Brasil<\/p>\n\n\n\n<p><\/p>\n\n\n\n<p>O prefeito do Rio de Janeiro, Eduardo Paes, sancionou nesta sexta-feira (27), a lei que altera a contagem da carga hor\u00e1ria dos professores da rede municipal de ensino em sala de aula, passando a ser feita em minutos.&nbsp;<img decoding=\"async\" src=\"https:\/\/agenciabrasil.ebc.com.br\/ebc.png?id=1625256&amp;o=node\"><img decoding=\"async\" src=\"https:\/\/agenciabrasil.ebc.com.br\/ebc.gif?id=1625256&amp;o=node\"><\/p>\n\n\n\n<p>A finalidade \u00e9 recuperar os 400 minutos de aulas que deixam de ser dados pelo fato de a aula ter 50 minutos de dura\u00e7\u00e3o. Antes, os 50 minutos eram contados como 1 hora\/aula. Com a mudan\u00e7a, aprovada pela C\u00e2mara de Vereadores do Rio, os professores ter\u00e3o de dar 24 tempos a mais de aulas por m\u00eas.<\/p>\n\n\n\n<p>A licen\u00e7a especial dos profissionais da educa\u00e7\u00e3o, conhecida como licen\u00e7a-pr\u00eamio, permitia que a cada 5 anos os servidores municipais tirassem uma licen\u00e7a de 3 meses. Com a aprova\u00e7\u00e3o da nova lei, essa medida foi extinta.<\/p>\n\n\n\n<p>Com a nova lei complementar, ficar\u00e1 alterado tamb\u00e9m o sistema de f\u00e9rias dos profissionais de educa\u00e7\u00e3o. Atualmente, os profissionais de educa\u00e7\u00e3o t\u00eam direito a f\u00e9rias nos meses de janeiro e julho, junto com os alunos. A partir de agora, o professor s\u00f3 ter\u00e1 direito a f\u00e9rias ap\u00f3s 365 dias de trabalho. Desta forma, o profissional que acabou de ingressar na rede municipal de ensino ter\u00e1 de trabalhar em janeiro e julho, mesmo durante o recesso escolar.<\/p>\n\n\n\n<p>A nova lei complementar 186\/24 tamb\u00e9m modifica o est\u00e1gio probat\u00f3rio dos servidores municipais. A nova lei aumenta de dois para tr\u00eas anos o per\u00edodo de est\u00e1gio.<\/p>\n\n\n\n<h2 class=\"wp-block-heading\">Aprova\u00e7\u00e3o<\/h2>\n\n\n\n<p>O projeto de lei que altera o regime de trabalho e contrata\u00e7\u00f5es no funcionalismo municipal&nbsp;<a href=\"https:\/\/agenciabrasil.ebc.com.br\/politica\/noticia\/2024-12\/rio-aprova-pl-que-extingue-licenca-premio-e-muda-horario-de-professor\">foi aprovado pelos vereadores<\/a>&nbsp;do Rio de Janeiro no dia 5 de dezembro. Entre as principais mudan\u00e7as est\u00e1 o fim da licen\u00e7a-pr\u00eamio, concedida a cada cinco anos para os servidores p\u00fablicos da cidade.<\/p>\n\n\n\n<p>Antes, no final de novembro, a C\u00e2mara de Vereadores do Rio&nbsp;<a href=\"https:\/\/agenciabrasil.ebc.com.br\/educacao\/noticia\/2024-11\/apos-protesto-vereadores-do-rio-adiam-votacao-de-lei-do-funcionalismo\">decidiu adiar a vota\u00e7\u00e3o<\/a>&nbsp;do projeto de lei, por press\u00e3o dos profissionais de educa\u00e7\u00e3o, que ocuparam a galeria da C\u00e2mara, contr\u00e1rios \u00e0 medida.<\/p>\n\n\n\n<h2 class=\"wp-block-heading\">Professores<\/h2>\n\n\n\n<p>O Sindicato Estadual dos Profissionais de Educa\u00e7\u00e3o (Sepe) informou que ir\u00e1 analisar os pr\u00f3ximos passos, inclusive a quest\u00e3o judicial, para tentar barrar a nova lei.<\/p>\n\n\n\n<p>\u201cA nova Lei Complementar foi sancionada pelo prefeito Eduardo Paes em total desacordo com os servidores municipais, em especial os profissionais de educa\u00e7\u00e3o, que exigiam que o prefeito n\u00e3o sancionasse o famigerado PLC, aprovado a toque de caixa pela C\u00e2mara de Vereadores\u201d.&nbsp;<\/p>\n\n\n\n<p>O sindicato convocou os profissionais da rede municipal para a assembleia geral no dia 8 de fevereiro \u201cPara que possamos discutir a nossa mobiliza\u00e7\u00e3o contra os ataques do governo municipal \u00e0 Educa\u00e7\u00e3o e aos servidores\u201d, diz a entidade.&nbsp;<br><\/p>\n","protected":false},"excerpt":{"rendered":"<p>Licen\u00e7a-pr\u00eamio dos profissionais da educa\u00e7\u00e3o foi extinta Por Douglas Corr\u00eaa &#8211; Rep\u00f3rter da Ag\u00eancia Brasil<\/p>\n","protected":false},"author":2,"featured_media":96445,"comment_status":"open","ping_status":"open","sticky":false,"template":"","format":"standard","meta":{"footnotes":""},"categories":[17],"tags":[],"class_list":["post-96444","post","type-post","status-publish","format-standard","has-post-thumbnail","hentry","category-outras-noticias"],"_links":{"self":[{"href":"https:\/\/tvc16.com\/portal\/wp-json\/wp\/v2\/posts\/96444","targetHints":{"allow":["GET"]}}],"collection":[{"href":"https:\/\/tvc16.com\/portal\/wp-json\/wp\/v2\/posts"}],"about":[{"href":"https:\/\/tvc16.com\/portal\/wp-json\/wp\/v2\/types\/post"}],"author":[{"embeddable":true,"href":"https:\/\/tvc16.com\/portal\/wp-json\/wp\/v2\/users\/2"}],"replies":[{"embeddable":true,"href":"https:\/\/tvc16.com\/portal\/wp-json\/wp\/v2\/comments?post=96444"}],"version-history":[{"count":1,"href":"https:\/\/tvc16.com\/portal\/wp-json\/wp\/v2\/posts\/96444\/revisions"}],"predecessor-version":[{"id":96446,"href":"https:\/\/tvc16.com\/portal\/wp-json\/wp\/v2\/posts\/96444\/revisions\/96446"}],"wp:featuredmedia":[{"embeddable":true,"href":"https:\/\/tvc16.com\/portal\/wp-json\/wp\/v2\/media\/96445"}],"wp:attachment":[{"href":"https:\/\/tvc16.com\/portal\/wp-json\/wp\/v2\/media?parent=96444"}],"wp:term":[{"taxonomy":"category","embeddable":true,"href":"https:\/\/tvc16.com\/portal\/wp-json\/wp\/v2\/categories?post=96444"},{"taxonomy":"post_tag","embeddable":true,"href":"https:\/\/tvc16.com\/portal\/wp-json\/wp\/v2\/tags?post=96444"}],"curies":[{"name":"wp","href":"https:\/\/api.w.org\/{rel}","templated":true}]}}