{"id":9645,"date":"2021-01-16T09:42:30","date_gmt":"2021-01-16T12:42:30","guid":{"rendered":"https:\/\/tvc16.com\/portal\/?p=9645"},"modified":"2021-01-16T10:11:42","modified_gmt":"2021-01-16T13:11:42","slug":"alunos-que-nao-possuem-dispositivo-eletronico-terao-prioridade-em-retorno-das-aulas-presenciais-na-rede-estadual-em-marco","status":"publish","type":"post","link":"https:\/\/tvc16.com\/portal\/2021\/01\/16\/alunos-que-nao-possuem-dispositivo-eletronico-terao-prioridade-em-retorno-das-aulas-presenciais-na-rede-estadual-em-marco\/","title":{"rendered":"Alunos que n\u00e3o possuem dispositivo eletr\u00f4nico ter\u00e3o prioridade em retorno das aulas presenciais na rede estadual em mar\u00e7o"},"content":{"rendered":"\n<p><em><em>Cerca de 70 mil alunos em situa\u00e7\u00e3o de vulnerabilidade social poder\u00e3o ir \u00e0 escola em sistema de revezamento de turmas e em dias alternados&nbsp;<\/em><\/em><\/p>\n\n\n\n<p><br>A Secretaria de Estado de Educa\u00e7\u00e3o (Seeduc) anunciou que vai priorizar os 70 mil alunos em situa\u00e7\u00e3o de maior vulnerabilidade social &#8211; cerca de 10% da rede estadual de ensino &#8211; no retorno das aulas presenciais em mar\u00e7o. Por n\u00e3o possu\u00edrem dispositivo eletr\u00f4nico que d\u00ea a eles condi\u00e7\u00f5es de acompanharem as aulas remotas, os estudantes poder\u00e3o ir \u00e0 escola em sistema de revezamento de dias e turmas. O plano a ser adotado depender\u00e1 das recomenda\u00e7\u00f5es do Comit\u00ea Cient\u00edfico e das autoridades de sa\u00fade.<\/p>\n\n\n\n<p>&#8211; Esse aluno socialmente vulner\u00e1vel, que n\u00e3o possui nenhum tipo de dispositivo eletr\u00f4nico, ficou \u00e0 margem da educa\u00e7\u00e3o no ano de 2020. Isso n\u00e3o pode se repetir este ano. Se esse jovem n\u00e3o tem condi\u00e7\u00e3o de ter acesso \u00e0s aulas remotas, ele ter\u00e1 prioridade no plano presencial \u2013 explicou o secret\u00e1rio de Educa\u00e7\u00e3o, Comte Bittencourt, que informou, tamb\u00e9m, que esses alunos receber\u00e3o material did\u00e1tico impresso produzido pelos professores da rede.<\/p>\n\n\n\n<p>Ainda de acordo com o secret\u00e1rio, 90% dos 700 mil alunos que comp\u00f5em a rede estadual possuem celular com algum acesso \u00e0 internet. Para ofertar o ensino remoto a esses jovens, em mar\u00e7o, a Secretaria ir\u00e1 lan\u00e7ar um link patrocinado para que os estudantes tenham acesso ilimitado aos conte\u00fados online sem gastar seus pr\u00f3prios pacotes de internet. Um novo aplicativo tamb\u00e9m reunir\u00e1 as videoaulas e material did\u00e1tico para consulta e impress\u00e3o.<\/p>\n\n\n\n<p><\/p>\n\n\n\n<div class=\"wp-block-image\"><figure class=\"aligncenter size-large\"><img loading=\"lazy\" decoding=\"async\" width=\"260\" height=\"194\" src=\"https:\/\/tvc16.com\/portal\/wp-content\/uploads\/2021\/01\/download-2-1.jpeg\" alt=\"\" class=\"wp-image-9647\" srcset=\"https:\/\/tvc16.com\/portal\/wp-content\/uploads\/2021\/01\/download-2-1.jpeg 260w, https:\/\/tvc16.com\/portal\/wp-content\/uploads\/2021\/01\/download-2-1-200x150.jpeg 200w\" sizes=\"auto, (max-width: 260px) 100vw, 260px\" \/><\/figure><\/div>\n\n\n\n<p><\/p>\n\n\n\n<p>&#8211; O estado j\u00e1 est\u00e1 contratando uma plataforma que vai abarcar todo o conte\u00fado de ensino remoto, al\u00e9m das aulas ao vivo no Google Classroom. O acesso a esse material estar\u00e1 dispon\u00edvel para profissionais da educa\u00e7\u00e3o e alunos, que v\u00e3o poder navegar 24h nos sete dias da semana, usando exclusivamente a nossa conectividade. Com o link patrocinado e o aplicativo, resolveremos os problemas de ensino de 90% da nossa rede \u2013 afirmou.<\/p>\n\n\n\n<p>Para ampliar a conectividade da rede, a Seeduc tamb\u00e9m investiu R$ 4 milh\u00f5es em verba extra para que as 1,2 mil escolas invistam em banda larga. As unidades escolares, que terminaram 2020 com uma m\u00e9dia de apenas 1 Mega de velocidade de internet, ter\u00e3o o m\u00ednimo de 20, chegando at\u00e9 100 Mega, de acordo com o quantitativo de estudantes matriculados. O salto de conex\u00e3o inclui a disponibiliza\u00e7\u00e3o de wi-fi para alunos e profissionais dentro do ambiente escolar.<\/p>\n","protected":false},"excerpt":{"rendered":"<p>Cerca de 70 mil alunos em situa\u00e7\u00e3o de vulnerabilidade social poder\u00e3o ir \u00e0 escola em<\/p>\n","protected":false},"author":2,"featured_media":9658,"comment_status":"open","ping_status":"open","sticky":false,"template":"","format":"standard","meta":{"footnotes":""},"categories":[17],"tags":[],"class_list":["post-9645","post","type-post","status-publish","format-standard","has-post-thumbnail","hentry","category-outras-noticias"],"_links":{"self":[{"href":"https:\/\/tvc16.com\/portal\/wp-json\/wp\/v2\/posts\/9645","targetHints":{"allow":["GET"]}}],"collection":[{"href":"https:\/\/tvc16.com\/portal\/wp-json\/wp\/v2\/posts"}],"about":[{"href":"https:\/\/tvc16.com\/portal\/wp-json\/wp\/v2\/types\/post"}],"author":[{"embeddable":true,"href":"https:\/\/tvc16.com\/portal\/wp-json\/wp\/v2\/users\/2"}],"replies":[{"embeddable":true,"href":"https:\/\/tvc16.com\/portal\/wp-json\/wp\/v2\/comments?post=9645"}],"version-history":[{"count":2,"href":"https:\/\/tvc16.com\/portal\/wp-json\/wp\/v2\/posts\/9645\/revisions"}],"predecessor-version":[{"id":9650,"href":"https:\/\/tvc16.com\/portal\/wp-json\/wp\/v2\/posts\/9645\/revisions\/9650"}],"wp:featuredmedia":[{"embeddable":true,"href":"https:\/\/tvc16.com\/portal\/wp-json\/wp\/v2\/media\/9658"}],"wp:attachment":[{"href":"https:\/\/tvc16.com\/portal\/wp-json\/wp\/v2\/media?parent=9645"}],"wp:term":[{"taxonomy":"category","embeddable":true,"href":"https:\/\/tvc16.com\/portal\/wp-json\/wp\/v2\/categories?post=9645"},{"taxonomy":"post_tag","embeddable":true,"href":"https:\/\/tvc16.com\/portal\/wp-json\/wp\/v2\/tags?post=9645"}],"curies":[{"name":"wp","href":"https:\/\/api.w.org\/{rel}","templated":true}]}}