{"id":96452,"date":"2024-12-28T09:41:01","date_gmt":"2024-12-28T12:41:01","guid":{"rendered":"https:\/\/tvc16.com\/portal\/?p=96452"},"modified":"2024-12-28T09:41:07","modified_gmt":"2024-12-28T12:41:07","slug":"cnm-aponta-falta-de-vacinas-de-catapora-e-covid-governo-nega-carencia","status":"publish","type":"post","link":"https:\/\/tvc16.com\/portal\/2024\/12\/28\/cnm-aponta-falta-de-vacinas-de-catapora-e-covid-governo-nega-carencia\/","title":{"rendered":"CNM aponta falta de vacinas de catapora e covid; governo nega car\u00eancia"},"content":{"rendered":"\n<p><em>Minist\u00e9rio da Sa\u00fade afirma ter atendido todo calend\u00e1rio b\u00e1sico<\/em><\/p>\n\n\n\n<p>Por Wellton M\u00e1ximo \u2013 Rep\u00f3rter da Ag\u00eancia Brasil \/ Foto: Tomaz Silva\/Ag\u00eancia Brasil<\/p>\n\n\n\n<p><\/p>\n\n\n\n<p>Uma pesquisa da Confedera\u00e7\u00e3o Nacional de Munic\u00edpios (CNM), divulgada nesta sexta-feira (27), aponta&nbsp;a&nbsp;car\u00eancia de vacinas do calend\u00e1rio nacional de imuniza\u00e7\u00e3o, como catapora, covid-19 e coqueluche.&nbsp;Em nota, o Minist\u00e9rio da Sa\u00fade rebateu os resultados e afirmou ter&nbsp;garantido atendimento&nbsp;a 100% das necessidades de todas as vacinas do calend\u00e1rio b\u00e1sico, exceto nos casos de desabastecimento global, que ocorreram por \u201cproblemas pontuais\u201d.&nbsp;O comunicado n\u00e3o afirma&nbsp;se o desabastecimento decorre de problemas de gest\u00e3o dos governos locais.<img decoding=\"async\" src=\"https:\/\/agenciabrasil.ebc.com.br\/ebc.png?id=1625247&amp;o=node\"><img decoding=\"async\" src=\"https:\/\/agenciabrasil.ebc.com.br\/ebc.gif?id=1625247&amp;o=node\"><\/p>\n\n\n\n<p>De acordo com a confedera\u00e7\u00e3o, a pesquisa foi feita, via call center da pr\u00f3pria institui\u00e7\u00e3o, no per\u00edodo entre&nbsp;29 de novembro e&nbsp;12 de dezembro de 2024. Segundo a confedera\u00e7\u00e3o, 65,8% de um total de 2.895 munic\u00edpios analisados relataram aus\u00eancia de imunizantes. A CNM diz ainda que os resultados do levantamento refletem o &#8220;cen\u00e1rio do momento da pesquisa&#8221;.<\/p>\n\n\n\n<p>No caso da catapora, 1.516 munic\u00edpios analisados (52,4%) apontaram&nbsp;falta da&nbsp;vacina. O Minist\u00e9rio da Sa\u00fade informou que existe escassez mundial de mat\u00e9ria-prima, mas assegurou ter garantido todas as doses necess\u00e1rias do imunizante ap\u00f3s a contrata\u00e7\u00e3o de tr\u00eas fornecedores. Para 2025, a pasta assegurou que eventuais problemas ser\u00e3o resolvidos ao longo do primeiro semestre.<\/p>\n\n\n\n<p>Em segundo lugar, est\u00e1 a vacina para covid-19 em adultos, ausente em 736 munic\u00edpios (25,4%), com m\u00e9dia de 45 dias sem disponibilidade. A CNM lembra que a primeira semana de dezembro registrou alta de 60% nas notifica\u00e7\u00f5es da doen\u00e7a no pa\u00eds, no maior n\u00edvel desde mar\u00e7o. De 1\u00ba a 7 de dezembro, houve 20.287 casos, segundo o Painel Covid-19 do Minist\u00e9rio da Sa\u00fade.<\/p>\n\n\n\n<p>No comunicado, o Minist\u00e9rio da Sa\u00fade informou que a pasta distribuiu 3,7 milh\u00f5es de doses de vacina contra a covid-19 aos estados, das quais 503 mil foram efetivamente aplicadas, o que indica sufici\u00eancia de doses em n\u00edvel estadual. Para 2025, a pasta informou ter refor\u00e7ado os estoques dos imunizantes.<\/p>\n\n\n\n<h2 class=\"wp-block-heading\">Coqueluche<\/h2>\n\n\n\n<p>Em terceiro lugar, est\u00e1 a insufici\u00eancia da vacina tr\u00edplice, contra coqueluche, diferia e t\u00e9tano, relatada&nbsp;em 520 munic\u00edpios (18% do total pesquisado). Segundo a CNM, o imunizante estava em falta em m\u00e9dia h\u00e1 60 dias nos munic\u00edpios afetados. Em 2024, os casos de coqueluche subiram quase 2.000% em rela\u00e7\u00e3o a 2023, com 4.395 registros at\u00e9 27 de novembro, a maioria no Paran\u00e1. No acumulado do ano, h\u00e1 17 mortes, das quais 16 em crian\u00e7as de menos de 1 ano.<\/p>\n\n\n\n<p>A pesquisa tamb\u00e9m aponta&nbsp;insufici\u00eancia da vacina meningoc\u00f3cica C, contra a meningite do sorogrupo C, indispon\u00edvel em 375 cidades (12,9%); da tetraviral, que combate o sarampo, a caxumba, a rub\u00e9ola e a varicela, indispon\u00edvel em 337 munic\u00edpios (11,6%); e da febre amarela, indispon\u00edvel em 280 munic\u00edpios (9,7%).<\/p>\n\n\n\n<p>O Minist\u00e9rio da Sa\u00fade informou ter estoques suficientes para os pr\u00f3ximos seis meses das vacinas contra a meningite e a coqueluche.<\/p>\n\n\n\n<h2 class=\"wp-block-heading\">Resposta<\/h2>\n\n\n\n<p>Al\u00e9m de assegurar o atendimento de 100% das necessidades dos estados, o Minist\u00e9rio da Sa\u00fade informou que a distribui\u00e7\u00e3o das vacinas \u00e9 transparente. A pasta ressaltou que qualquer cidad\u00e3o pode consultar, no&nbsp;<a href=\"https:\/\/infoms.saude.gov.br\/extensions\/demas_c19vac_distr\/demas_c19vac_distr.html\" target=\"_blank\" rel=\"noreferrer noopener\">painel interativo do minist\u00e9rio<\/a>, as remessas enviadas do centro de distribui\u00e7\u00e3o em Guarulhos (SP) para os estados. O comunicado ressaltou que, por ano, s\u00e3o distribu\u00eddas 300 milh\u00f5es de doses aos 5.570 munic\u00edpios por meio do Programa Nacional de Imuniza\u00e7\u00f5es (PNI).<\/p>\n\n\n\n<p>O minist\u00e9rio ressaltou que todas as grades de vacinas do calend\u00e1rio b\u00e1sico em dezembro foram enviadas aos estados e garante ter estoques para atender \u00e0 demanda. Segundo a pasta, todo o processo \u00e9 feito em parceria com os estados. O comunicado destaca ainda que, desde 2023, as coberturas vacinais apresentam tend\u00eancia de crescimento, resultado de a\u00e7\u00f5es como as campanhas de multivacina\u00e7\u00e3o realizadas em novembro.<\/p>\n\n\n\n<h2 class=\"wp-block-heading\">Estados mais afetados<\/h2>\n\n\n\n<p>Em rela\u00e7\u00e3o aos estados e regi\u00f5es mais afetadas, Santa Catarina continua liderando a escassez de vacinas, com 199 dos 230 munic\u00edpios que responderam \u00e0 pesquisa (87% do total) relatando falta de vacinas. Em seguida, est\u00e1 o Cear\u00e1, com 51 dos 59 munic\u00edpios analisados (86%), o Esp\u00edrito Santo, 38 dos 45 respondentes (84%); e Minas Gerais, com 412 dos 496 respondentes (83%).<br><\/p>\n","protected":false},"excerpt":{"rendered":"<p>Minist\u00e9rio da Sa\u00fade afirma ter atendido todo calend\u00e1rio b\u00e1sico Por Wellton M\u00e1ximo \u2013 Rep\u00f3rter da<\/p>\n","protected":false},"author":2,"featured_media":96453,"comment_status":"open","ping_status":"open","sticky":false,"template":"","format":"standard","meta":{"footnotes":""},"categories":[17],"tags":[],"class_list":["post-96452","post","type-post","status-publish","format-standard","has-post-thumbnail","hentry","category-outras-noticias"],"_links":{"self":[{"href":"https:\/\/tvc16.com\/portal\/wp-json\/wp\/v2\/posts\/96452","targetHints":{"allow":["GET"]}}],"collection":[{"href":"https:\/\/tvc16.com\/portal\/wp-json\/wp\/v2\/posts"}],"about":[{"href":"https:\/\/tvc16.com\/portal\/wp-json\/wp\/v2\/types\/post"}],"author":[{"embeddable":true,"href":"https:\/\/tvc16.com\/portal\/wp-json\/wp\/v2\/users\/2"}],"replies":[{"embeddable":true,"href":"https:\/\/tvc16.com\/portal\/wp-json\/wp\/v2\/comments?post=96452"}],"version-history":[{"count":1,"href":"https:\/\/tvc16.com\/portal\/wp-json\/wp\/v2\/posts\/96452\/revisions"}],"predecessor-version":[{"id":96454,"href":"https:\/\/tvc16.com\/portal\/wp-json\/wp\/v2\/posts\/96452\/revisions\/96454"}],"wp:featuredmedia":[{"embeddable":true,"href":"https:\/\/tvc16.com\/portal\/wp-json\/wp\/v2\/media\/96453"}],"wp:attachment":[{"href":"https:\/\/tvc16.com\/portal\/wp-json\/wp\/v2\/media?parent=96452"}],"wp:term":[{"taxonomy":"category","embeddable":true,"href":"https:\/\/tvc16.com\/portal\/wp-json\/wp\/v2\/categories?post=96452"},{"taxonomy":"post_tag","embeddable":true,"href":"https:\/\/tvc16.com\/portal\/wp-json\/wp\/v2\/tags?post=96452"}],"curies":[{"name":"wp","href":"https:\/\/api.w.org\/{rel}","templated":true}]}}