{"id":9659,"date":"2021-01-16T12:03:40","date_gmt":"2021-01-16T15:03:40","guid":{"rendered":"https:\/\/tvc16.com\/portal\/?p=9659"},"modified":"2021-01-16T12:03:42","modified_gmt":"2021-01-16T15:03:42","slug":"bolsonaro-sanciona-lei-do-programa-casa-verde-e-amarela","status":"publish","type":"post","link":"https:\/\/tvc16.com\/portal\/2021\/01\/16\/bolsonaro-sanciona-lei-do-programa-casa-verde-e-amarela\/","title":{"rendered":"Bolsonaro sanciona lei do Programa Casa Verde e Amarela"},"content":{"rendered":"\n<p>Programa habitacional do governo federal prev\u00ea taxa de juros de 4,5% ao ano, com redu\u00e7\u00e3o de para moradores das regi\u00f5es Norte e Nordeste<\/p>\n\n\n\n<p>O presidente da Rep\u00fablica Jair Messias Bolsonaro sancionou a <a href=\"https:\/\/www.in.gov.br\/en\/web\/dou\/-\/lei-n-14.118-de-12-de-janeiro-de-2021-298832993\">lei que institui o Programa Casa Verde e Amarela<\/a>, projeto de financiamento habitacional que remodela o Minha Casa, Minha Vida. O governo tem expectativa de beneficiar 1,6 milh\u00e3o de fam\u00edlias at\u00e9 2024, com juros a valores em torno de 4,5% ao ano e condi\u00e7\u00f5es espec\u00edficas para pessoas de baixa renda das regi\u00f5es Norte e Nordeste.<\/p>\n\n\n\n<p>A lei encarou um longo per\u00edodo de tramita\u00e7\u00f5es do texto. A Medida Provis\u00f3ria n\u00ba 996, que detalhou o programa, foi publicada em agosto de 2020 e teve reda\u00e7\u00e3o final aprovada em dezembro, pelo Senado Federal. A san\u00e7\u00e3o de Bolsonaro aparece no Di\u00e1rio Oficial da Uni\u00e3o de quarta-feira (13) e converte a MP em lei.&nbsp;<\/p>\n\n\n\n<p>As novas diretrizes do programa habitacional prometem abranger 350 mil resid\u00eancias que n\u00e3o seriam atendidas nos antigos moldes do Minha Casa, Minha Vida. As principais mudan\u00e7as giram em torno da possibilidade de regulariza\u00e7\u00e3o fundi\u00e1ria, do cr\u00e9dito subsidiado para reformas e da faixa de renda dos beneficiados, como explica a advogada especialista em direito p\u00fablico Amanda Caroline.&nbsp;<\/p>\n\n\n\n<figure class=\"wp-block-image\"><img decoding=\"async\" src=\"\/\/s3-sa-east-1.amazonaws.com\/agencia-radio-arb\/3466\/content_casa-verde-e-amarela.png\" alt=\"Arte: Brasil 61\" title=\"Arte: Brasil 61 - Fonte: Minist\u00e9rio do Desenvolvimento Regional\"\/><\/figure>\n\n\n\n<p>\u201cNo Minha Casa Minha Vida existia um grupo que compunha a faixa 1, em que as fam\u00edlias recebiam at\u00e9 R$ 1.800 e poderiam participar do programa. Nessa nova modalidade, o foco principal s\u00e3o fam\u00edlias com renda entre R$ 2 mil e R$ 7 mil. Outro aspecto importante tamb\u00e9m \u00e9 que esse programa da Casa Verde e Amarela estabeleceu condi\u00e7\u00f5es mais favor\u00e1veis para as regi\u00f5es do Norte e Nordeste, onde foi verificado condi\u00e7\u00f5es habitacionais mais prec\u00e1rias\u201d, diz.<\/p>\n\n\n\n<p>A avalia\u00e7\u00e3o t\u00e9cnica do governo percebeu necessidade de aquecimento da constru\u00e7\u00e3o civil e condi\u00e7\u00f5es de vulnerabilidade de moradia mais presentes no Norte e Nordeste. Por isso, as taxas de juros desses locais foram reduzidas para 4,25% ao ano, abaixo do padr\u00e3o de 4,5% ao ano cobrado para as demais regi\u00f5es. Para Roberto Piscitelli, economista e professor da Universidade de Bras\u00edlia (UnB) na \u00e1rea de finan\u00e7as p\u00fablicas, esses n\u00fameros s\u00e3o atrativos e est\u00e3o abaixo das taxas usuais de mercado, embora n\u00e3o possam ser considerados extremamente baixos, devido \u00e0 atual Selic.<\/p>\n\n\n\n<p>Segundo Piscitelli, o programa traz benef\u00edcios essenciais para o atual contexto do Pa\u00eds. \u201cEsse setor tem um aspecto din\u00e2mico para o conjunto da economia, porque o setor de constru\u00e7\u00e3o, de um modo geral, exige m\u00e3o de obra menos especializada. E a rela\u00e7\u00e3o entre m\u00e3o de obra e capital no caso do setor da constru\u00e7\u00e3o civil \u00e9 muito grande, maior do que a maior parte dos setores. Portanto, esse tipo de programa tende a dinamizar a economia, movimentar recursos e contribuir para a melhoria do mercado de trabalho, pelos setores mais intensivos em m\u00e3o de obra\u201d, detalha.<\/p>\n\n\n\n<p>A regulariza\u00e7\u00e3o fundi\u00e1ria prevista no texto da lei deve propiciar a legaliza\u00e7\u00e3o de 2 milh\u00f5es de moradias at\u00e9 2024. Nessa modalidade, podem participar fam\u00edlias com renda mensal de at\u00e9 R$ 5 mil, que receber\u00e3o orienta\u00e7\u00f5es jur\u00eddicas, urban\u00edsticas e ambientais para a emiss\u00e3o do direito real sobre o lote.&nbsp;<\/p>\n\n\n\n<p>J\u00e1 para solicitar as a\u00e7\u00f5es de melhorias nas resid\u00eancias, os interessados devem ter renda mensal de at\u00e9 R$ 2 mil e a necessidade de reformas como a constru\u00e7\u00e3o de banheiro, telhado ou aumento de um c\u00f4modo, por exemplo. O governo estima que 400 mil pessoas sejam beneficiadas com esse modelo do programa nos pr\u00f3ximos tr\u00eas anos. O Casa Verde e Amarela registra 88.936 financiamentos habitacionais desde o lan\u00e7amento, de acordo com o \u00faltimo levantamento do Minist\u00e9rio do Desenvolvimento Regional.<br>&nbsp;<\/p>\n\n\n\n<p>Fonte: <a href=\"https:\/\/brasil61.com\/noticias\/bolsonaro-sanciona-lei-do-programa-casa-verde-e-amarela-bras213424?email=bethdeoliveira@yahoo.com.br&amp;utm_source=newsletter&amp;utm_medium=newsletter&amp;utm_campaign=newsletter\" target=\"_blank\" rel=\"noreferrer noopener\">Brasil 61<\/a><\/p>\n","protected":false},"excerpt":{"rendered":"<p>Programa habitacional do governo federal prev\u00ea taxa de juros de 4,5% ao ano, com redu\u00e7\u00e3o<\/p>\n","protected":false},"author":2,"featured_media":9660,"comment_status":"open","ping_status":"open","sticky":false,"template":"","format":"standard","meta":{"footnotes":""},"categories":[17],"tags":[],"class_list":["post-9659","post","type-post","status-publish","format-standard","has-post-thumbnail","hentry","category-outras-noticias"],"_links":{"self":[{"href":"https:\/\/tvc16.com\/portal\/wp-json\/wp\/v2\/posts\/9659","targetHints":{"allow":["GET"]}}],"collection":[{"href":"https:\/\/tvc16.com\/portal\/wp-json\/wp\/v2\/posts"}],"about":[{"href":"https:\/\/tvc16.com\/portal\/wp-json\/wp\/v2\/types\/post"}],"author":[{"embeddable":true,"href":"https:\/\/tvc16.com\/portal\/wp-json\/wp\/v2\/users\/2"}],"replies":[{"embeddable":true,"href":"https:\/\/tvc16.com\/portal\/wp-json\/wp\/v2\/comments?post=9659"}],"version-history":[{"count":1,"href":"https:\/\/tvc16.com\/portal\/wp-json\/wp\/v2\/posts\/9659\/revisions"}],"predecessor-version":[{"id":9661,"href":"https:\/\/tvc16.com\/portal\/wp-json\/wp\/v2\/posts\/9659\/revisions\/9661"}],"wp:featuredmedia":[{"embeddable":true,"href":"https:\/\/tvc16.com\/portal\/wp-json\/wp\/v2\/media\/9660"}],"wp:attachment":[{"href":"https:\/\/tvc16.com\/portal\/wp-json\/wp\/v2\/media?parent=9659"}],"wp:term":[{"taxonomy":"category","embeddable":true,"href":"https:\/\/tvc16.com\/portal\/wp-json\/wp\/v2\/categories?post=9659"},{"taxonomy":"post_tag","embeddable":true,"href":"https:\/\/tvc16.com\/portal\/wp-json\/wp\/v2\/tags?post=9659"}],"curies":[{"name":"wp","href":"https:\/\/api.w.org\/{rel}","templated":true}]}}