{"id":9665,"date":"2021-01-16T15:31:22","date_gmt":"2021-01-16T18:31:22","guid":{"rendered":"https:\/\/tvc16.com\/portal\/?p=9665"},"modified":"2021-01-16T15:31:24","modified_gmt":"2021-01-16T18:31:24","slug":"duzentos-pacientes-que-aguardavam-consultas-ambulatoriais-na-rede-municipal-de-saude-foram-atendidos-neste-sabado-em-mutirao-organizado-pelo-municipio-as-consultas-eram-de-seis-cirurgia-geral-cardio","status":"publish","type":"post","link":"https:\/\/tvc16.com\/portal\/2021\/01\/16\/duzentos-pacientes-que-aguardavam-consultas-ambulatoriais-na-rede-municipal-de-saude-foram-atendidos-neste-sabado-em-mutirao-organizado-pelo-municipio-as-consultas-eram-de-seis-cirurgia-geral-cardio\/","title":{"rendered":"Duzentos pacientes que aguardavam consultas ambulatoriais na rede municipal de sa\u00fade foram atendidos neste s\u00e1bado em mutir\u00e3o organizado pelo Munic\u00edpio. As consultas eram de seis cirurgia geral, cardiologia, ortopedia, enfermagem e neurologia"},"content":{"rendered":"\n<p>\u201cEstes primeiros 15 dias como prefeito interino foram de muito trabalho. Temos que reduzir a fila, que acabou aumentando em fun\u00e7\u00e3o da suspens\u00e3o de atendimento ambulatorial durante a pandemia\u201d, afirmou o prefeito, que, no local, conversou com m\u00e9dicos e pacientes e confirmou planejamento para levar os mutir\u00f5es de atendimento m\u00e9dico tamb\u00e9m para as comunidades. &#8220;Fazer este tipo de a\u00e7\u00e3o nas comunidades vai facilitar a vida das pessoas, que encontrar\u00e3o atendimento mais perto de casa, sem a necessidade de grandes deslocamentos&#8221;.<\/p>\n\n\n\n<p><\/p>\n\n\n\n<figure class=\"wp-block-image size-large\"><img loading=\"lazy\" decoding=\"async\" width=\"766\" height=\"1024\" src=\"https:\/\/tvc16.com\/portal\/wp-content\/uploads\/2021\/01\/IMG-20210116-WA0046.jpg\" alt=\"\" class=\"wp-image-9667\" srcset=\"https:\/\/tvc16.com\/portal\/wp-content\/uploads\/2021\/01\/IMG-20210116-WA0046.jpg 766w, https:\/\/tvc16.com\/portal\/wp-content\/uploads\/2021\/01\/IMG-20210116-WA0046-224x300.jpg 224w\" sizes=\"auto, (max-width: 766px) 100vw, 766px\" \/><\/figure>\n\n\n\n<p>De acordo com o secret\u00e1rio de Sa\u00fade, Aloisio Barbosa da Silva Filho, o governo far\u00e1 outros mutir\u00f5es, buscando atender \u00e0queles que est\u00e3o \u00e0 espera da primeira consulta ou da continuidade do atendimento m\u00e9dico. \u201cOs mutir\u00f5es ser\u00e3o realizados sempre de maneira respons\u00e1vel, respeitando a capacidade do ambulat\u00f3rio com a garantia do distanciamento entre os pacientes. Estamos trabalhando para levar a\u00e7\u00f5es semelhantes tamb\u00e9m para as comunidades\u201d, finalizou.<\/p>\n","protected":false},"excerpt":{"rendered":"<p>\u201cEstes primeiros 15 dias como prefeito interino foram de muito trabalho. Temos que reduzir a<\/p>\n","protected":false},"author":2,"featured_media":9666,"comment_status":"open","ping_status":"open","sticky":false,"template":"","format":"standard","meta":{"footnotes":""},"categories":[12],"tags":[],"class_list":["post-9665","post","type-post","status-publish","format-standard","has-post-thumbnail","hentry","category-cidade"],"_links":{"self":[{"href":"https:\/\/tvc16.com\/portal\/wp-json\/wp\/v2\/posts\/9665","targetHints":{"allow":["GET"]}}],"collection":[{"href":"https:\/\/tvc16.com\/portal\/wp-json\/wp\/v2\/posts"}],"about":[{"href":"https:\/\/tvc16.com\/portal\/wp-json\/wp\/v2\/types\/post"}],"author":[{"embeddable":true,"href":"https:\/\/tvc16.com\/portal\/wp-json\/wp\/v2\/users\/2"}],"replies":[{"embeddable":true,"href":"https:\/\/tvc16.com\/portal\/wp-json\/wp\/v2\/comments?post=9665"}],"version-history":[{"count":1,"href":"https:\/\/tvc16.com\/portal\/wp-json\/wp\/v2\/posts\/9665\/revisions"}],"predecessor-version":[{"id":9668,"href":"https:\/\/tvc16.com\/portal\/wp-json\/wp\/v2\/posts\/9665\/revisions\/9668"}],"wp:featuredmedia":[{"embeddable":true,"href":"https:\/\/tvc16.com\/portal\/wp-json\/wp\/v2\/media\/9666"}],"wp:attachment":[{"href":"https:\/\/tvc16.com\/portal\/wp-json\/wp\/v2\/media?parent=9665"}],"wp:term":[{"taxonomy":"category","embeddable":true,"href":"https:\/\/tvc16.com\/portal\/wp-json\/wp\/v2\/categories?post=9665"},{"taxonomy":"post_tag","embeddable":true,"href":"https:\/\/tvc16.com\/portal\/wp-json\/wp\/v2\/tags?post=9665"}],"curies":[{"name":"wp","href":"https:\/\/api.w.org\/{rel}","templated":true}]}}