{"id":96669,"date":"2025-01-02T10:55:37","date_gmt":"2025-01-02T13:55:37","guid":{"rendered":"https:\/\/tvc16.com\/portal\/?p=96669"},"modified":"2025-01-02T13:48:42","modified_gmt":"2025-01-02T16:48:42","slug":"passagem-de-onibus-no-rio-subira-de-r-430-para-r-470","status":"publish","type":"post","link":"https:\/\/tvc16.com\/portal\/2025\/01\/02\/passagem-de-onibus-no-rio-subira-de-r-430-para-r-470\/","title":{"rendered":"Passagem de \u00f4nibus no Rio subir\u00e1 de R$ 4,30 para R$ 4,70"},"content":{"rendered":"\n<p>A passagem de \u00f4nibus no Rio de Janeiro vai subir de R$ 4,30 para R$ 4,70 a partir do pr\u00f3ximo domingo (5). A autoriza\u00e7\u00e3o para o reajuste foi publicada no&nbsp;<em>Di\u00e1rio Oficial<\/em>&nbsp;do munic\u00edpio desta quinta-feira (2), em decreto assinado pelo prefeito Eduardo Paes.<img decoding=\"async\" src=\"https:\/\/agenciabrasil.ebc.com.br\/ebc.png?id=1625638&amp;o=node\"><img decoding=\"async\" src=\"https:\/\/agenciabrasil.ebc.com.br\/ebc.gif?id=1625638&amp;o=node\"><\/p>\n\n\n\n<p>O aumento de R$ 0,40 equivale \u00e0 corre\u00e7\u00e3o monet\u00e1ria pelo \u00cdndice Nacional de Pre\u00e7os ao Consumidor Amplo \u2013 IPCA \u2013 considerado a infla\u00e7\u00e3o oficial do pa\u00eds \u2013 referente aos dois anos em que a tarifa ficou sem reajuste. O \u00faltimo havia sido em janeiro de 2023.<\/p>\n\n\n\n<p>Al\u00e9m dos \u00f4nibus municipais, o que inclui o BRT (sigla para&nbsp;<em>bus rapid transit<\/em>, sistema de \u00f4nibus expressos em vias exclusivas), o novo valor ser\u00e1 v\u00e1lido tamb\u00e9m para os chamados&nbsp;<em>cabritinhos<\/em>, transportes em comunidades por meio de vans e kombis, e o ve\u00edculo leve sobre trilho (VLT).<\/p>\n\n\n\n<p>No Rio, a prefeitura subsidia parte do valor das passagens de \u00f4nibus, ou seja, as concession\u00e1rias recebem por passageiro mais que o valor de R$ 4,70. Uma das contrapartidas \u00e9 que as empresas mantenham um percentual espec\u00edfico da frota em circula\u00e7\u00e3o e ve\u00edculos em bom estado e com ar-condicionado funcionando.&nbsp;<\/p>\n\n\n\n<h2 class=\"wp-block-heading\">T\u00e1xis<\/h2>\n\n\n\n<p>O<em>&nbsp;Di\u00e1rio Oficial&nbsp;<\/em>traz tamb\u00e9m uma resolu\u00e7\u00e3o da Secretaria Municipal de Transportes que autoriza o reajuste da bandeirada dos t\u00e1xis, que passa a valer nesta quinta-feira.<\/p>\n\n\n\n<p>A bandeirada inicial sobe de R$ 6,10 para R$ 6,20. A tarifa por quil\u00f4metro vai de R$ 3,35 para R$ 3,65, das 06h \u00e0s 21h, nos dias \u00fateis e no s\u00e1bado.<\/p>\n\n\n\n<p>A bandeira dois &#8211; praticada das 21h \u00e0s 6h de segunda-feira a s\u00e1bado e durante todo o domingo e nos feriados &#8211; subir\u00e1 de R$ 4,02 para R$ 4,38.<\/p>\n\n\n\n<p>Por Bruno de Freitas Moura &#8211; Rep\u00f3rter da Ag\u00eancia Brasil \/ Foto: Fernando Fraz\u00e3o\/Ag\u00eancia Brasil<br><\/p>\n","protected":false},"excerpt":{"rendered":"<p>A passagem de \u00f4nibus no Rio de Janeiro vai subir de R$ 4,30 para R$<\/p>\n","protected":false},"author":2,"featured_media":96670,"comment_status":"open","ping_status":"open","sticky":false,"template":"","format":"standard","meta":{"footnotes":""},"categories":[17],"tags":[],"class_list":["post-96669","post","type-post","status-publish","format-standard","has-post-thumbnail","hentry","category-outras-noticias"],"_links":{"self":[{"href":"https:\/\/tvc16.com\/portal\/wp-json\/wp\/v2\/posts\/96669","targetHints":{"allow":["GET"]}}],"collection":[{"href":"https:\/\/tvc16.com\/portal\/wp-json\/wp\/v2\/posts"}],"about":[{"href":"https:\/\/tvc16.com\/portal\/wp-json\/wp\/v2\/types\/post"}],"author":[{"embeddable":true,"href":"https:\/\/tvc16.com\/portal\/wp-json\/wp\/v2\/users\/2"}],"replies":[{"embeddable":true,"href":"https:\/\/tvc16.com\/portal\/wp-json\/wp\/v2\/comments?post=96669"}],"version-history":[{"count":2,"href":"https:\/\/tvc16.com\/portal\/wp-json\/wp\/v2\/posts\/96669\/revisions"}],"predecessor-version":[{"id":96685,"href":"https:\/\/tvc16.com\/portal\/wp-json\/wp\/v2\/posts\/96669\/revisions\/96685"}],"wp:featuredmedia":[{"embeddable":true,"href":"https:\/\/tvc16.com\/portal\/wp-json\/wp\/v2\/media\/96670"}],"wp:attachment":[{"href":"https:\/\/tvc16.com\/portal\/wp-json\/wp\/v2\/media?parent=96669"}],"wp:term":[{"taxonomy":"category","embeddable":true,"href":"https:\/\/tvc16.com\/portal\/wp-json\/wp\/v2\/categories?post=96669"},{"taxonomy":"post_tag","embeddable":true,"href":"https:\/\/tvc16.com\/portal\/wp-json\/wp\/v2\/tags?post=96669"}],"curies":[{"name":"wp","href":"https:\/\/api.w.org\/{rel}","templated":true}]}}