{"id":96672,"date":"2025-01-02T11:04:11","date_gmt":"2025-01-02T14:04:11","guid":{"rendered":"https:\/\/tvc16.com\/portal\/?p=96672"},"modified":"2025-01-02T11:04:14","modified_gmt":"2025-01-02T14:04:14","slug":"hingo-hammes-toma-posse-no-executivo-de-petropolis","status":"publish","type":"post","link":"https:\/\/tvc16.com\/portal\/2025\/01\/02\/hingo-hammes-toma-posse-no-executivo-de-petropolis\/","title":{"rendered":"Hingo Hammes toma posse no Executivo de Petr\u00f3polis"},"content":{"rendered":"\n<p>O prefeito eleito de Petr\u00f3polis, Hingo Hammes, do Partido Progressista (PP), o vice Albano Batista Filho do Partido Liberalista (PL), e os 15 vereadores eleitos e reeleitos, tomaram posse nos respectivos cargos nesta quarta-feira, 1\u00ba de janeiro de 2025.<br>Os parlamentares empossados foram: Dr. Alo\u00edsio Barbosa (PP), Fred Proc\u00f3pio (MDB), Gil Magno (PSB), Gilda Beatriz (PP), J\u00falia Casamasso (PSOL), J\u00fanior Coruja (PSD), J\u00fanior Paix\u00e3o (PSDB), L\u00e9o Fran\u00e7a (PSB), Luiz Dudu (Uni\u00e3o Brasil), Prof. L\u00edvia Miranda (PC do B), Marquinhos Almeida (PP), Octavio Sampaio (PL), Thiago Damaceno (PSDB), Thiago Leitte (PSD) e Wesley Barreto (PRD),<br>Os pol\u00edticos eleitos no pleito de 2024, cumprir\u00e3o mandatos de quatro anos, ou seja, no quadri\u00eanio de 2025-2028. A cerim\u00f4nia de posse aconteceu na sede do legislativo na C\u00e2mara Municipal de Petr\u00f3polis.<br>Hingo foi eleito com 108.306 (74,74%) votos v\u00e1lidos. O prefeito assume a cadeira do Executivo Municipal com a coliga\u00e7\u00e3o &#8220;Petr\u00f3polis renovando com experi\u00eancia e credibilidade&#8221;, formada pelos partidos PP, PL, PRD, MOBILIZA, MDB, Uni\u00e3o e DC. Hammes j\u00e1 atuou como prefeito interino, quando em janeiro de 2021, atendeu a determina\u00e7\u00e3o do Tribunal Regional Eleitoral, assumindo o desafio de administrar a cidade em meio \u00e0 maior pandemia da hist\u00f3ria, com reflexos diretos na economia da cidade.<br>Discurso de posse<br>Durante o discurso de posse, o prefeito relembrou a sua jornada pol\u00edtica, iniciada em 2016. Ingressou na C\u00e2mara em 2019, como vereador suplente, e logo se destacou pelo perfil conciliador e de lideran\u00e7a. Em mar\u00e7o, foi o primeiro suplente da hist\u00f3ria da cidade a assumir um cargo na Mesa Diretora da C\u00e2mara e, no mesmo ano, foi eleito presidente do Legislativo Municipal.<br>Com a posse, Hingo falou sobre o sentimento de ser, oficialmente, prefeito da cidade. &#8220;A sensa\u00e7\u00e3o de orgulho, satisfa\u00e7\u00e3o de estar realizando o sonho, mas tamb\u00e9m de muita responsabilidade, de saber o tamanho da responsabilidade que eu carrego, como os nossos secret\u00e1rios. Ent\u00e3o, assim, mas n\u00e3o tem pre\u00e7o que pague. Lembrando que h\u00e1 oito anos atr\u00e1s eu fui candidato a vereador, em 2016. Depois fui novamente eleito vereador. E hoje eu estou sendo eleito perfeito, com 108 mil votos. O cara de suplente virar representante da C\u00e2mara \u00e9 algo impensado no meio pol\u00edtico, mas isso foi constru\u00eddo atrav\u00e9s da nossa qualidade de di\u00e1logo, e de saber ouvir&#8221;, disse.<br>Al\u00e9m disso, destacou que a cidade tem muitos desafios, ressaltando um problema cr\u00edtico que vem acontecendo por falta da coleta de lixo no munic\u00edpio. &#8220;O principal desafio j\u00e1 come\u00e7ou hoje. A quest\u00e3o \u00e9 a coleta. A cidade est\u00e1 tomada pelo lixo, ent\u00e3o colocamos o transbordo para funcionar no imediato, para que possa facilitar essa log\u00edstica do descarte final&#8221;, mencionou Hingo. Outro ponto levantado foi a quest\u00e3o da preven\u00e7\u00e3o \u00e0s chuvas. Segundo o prefeito, a gest\u00e3o pretende criar uma cultura de preven\u00e7\u00e3o, e garantir a funcionalidade de pol\u00edticas habitacionais no munic\u00edpio. Hingo Hammes refor\u00e7ou a import\u00e2ncia do alinhamento dos trabalhos em conjunto com os poderes legislativos, judici\u00e1rios, o terceiro setor e outras institui\u00e7\u00f5es sociais para que Petr\u00f3polis tenha um crescimento. &#8220;Sempre digo que ningu\u00e9m faz nada sozinho, \u00e9 isso fica cada vez mais evidente, se todos caminham para um s\u00f3 objetivo junto com a popula\u00e7\u00e3o, ter\u00e1 uma mudan\u00e7a significativa, Petr\u00f3polis merece o melhor. Ent\u00e3o \u00e9 dessa forma que a gente vai conseguir ter as leis que v\u00e3o beneficiar o cidad\u00e3o&#8221;, enfatizou o prefeito.<br>Com esse pensamento, que expressa o alinhamento entre as institui\u00e7\u00f5es, Hingo nomeou o corpo do secretariado que vai compor a gest\u00e3o, em cerim\u00f4nia na Casa dos Conselhos na sede da Prefeitura Municipal no Pal\u00e1cio S\u00e9rgio Fadel. A base do secretariado \u00e9 composta por um corpo t\u00e9cnico que de acordo com o prefeito, esse ponto ser\u00e1 essencial para o funcionamento das pastas.<br>Nomea\u00e7\u00e3o de secretariado<br>Foram nomeados para os cargos da Prefeitura de Petr\u00f3polis os seguintes respons\u00e1veis:<\/p>\n\n\n\n<ul class=\"wp-block-list\">\n<li>Fernanda Ferreira como secret\u00e1ria da Companhia Municipal de Desenvolvimento de Petr\u00f3polis (Comdep).<\/li>\n\n\n\n<li>Luciano Moreira como presidente da Companhia Petropolitana de Tr\u00e2nsito e Transportes (CPTrans).<\/li>\n\n\n\n<li>Guilherme Almeida como secret\u00e1rio de Comunica\u00e7\u00e3o.<\/li>\n\n\n\n<li>Alex Christ como presidente do Instituto de Previd\u00eancia e do Servidor P\u00fablico do Munic\u00edpio de Petr\u00f3polis (Inpas).<\/li>\n\n\n\n<li>Adriana Kreischer na secretaria de Assist\u00eancia Social.<br>Gilda Beatriz como secret\u00e1ria da Pessoa com Defici\u00eancia.<\/li>\n\n\n\n<li>Adenilson Honorato como presidente do Instituto Municipal de Cultura.<\/li>\n\n\n\n<li>Fred Proc\u00f3pio como secret\u00e1rio de Governo.<\/li>\n\n\n\n<li>Pablo Kling como secret\u00e1rio de Turismo.<\/li>\n\n\n\n<li>Leandro Kronemberger como secret\u00e1rio de Esporte e Lazer.<\/li>\n\n\n\n<li>O engenheiro Maur\u00edcio Veiga como secret\u00e1rio de Obras.<\/li>\n\n\n\n<li>Marcelo Chit\u00e3o como secret\u00e1rio de Servi\u00e7os, Seguran\u00e7a e Ordem P\u00fablica.<\/li>\n\n\n\n<li>O fisioterapeuta Luis Cruzick como secret\u00e1rio de Sa\u00fade.<\/li>\n\n\n\n<li>O presidente do Petr\u00f3polis Convention e Visitors Bureau, Samir El Ghaouil, como secret\u00e1rio municipal de Desenvolvimento Econ\u00f4mico.<\/li>\n\n\n\n<li>Alexandre Gurgel como secret\u00e1rio de Educa\u00e7\u00e3o.<\/li>\n\n\n\n<li>Ant\u00f4nio Cesar como secret\u00e1rio de Assist\u00eancia Social, Habita\u00e7\u00e3o e Regulariza\u00e7\u00e3o Fundi\u00e1ria.<\/li>\n\n\n\n<li>O tenente-coronel Guilherme Moraes como secret\u00e1rio de Defesa Civil.<\/li>\n\n\n\n<li>F\u00e1bio J\u00fanior da Silva como secret\u00e1rio municipal de Fazenda.<\/li>\n\n\n\n<li>Wagner Silva como secret\u00e1rio de Administra\u00e7\u00e3o e Recursos Humanos.<\/li>\n\n\n\n<li>Juliana Salvini como controladora-geral do munic\u00edpio.<\/li>\n\n\n\n<li>O vice-prefeito Baninho como secret\u00e1rio de Meio Ambiente.<\/li>\n\n\n\n<li>Fernando Ara\u00fajo como procurador-geral do munic\u00edpio.<\/li>\n\n\n\n<li>Ros\u00e2ngela Stumpf como chefe de gabinete.<br>At\u00e9 o momento, nenhum nome foi anunciado para a Secretaria de Trabalho.<\/li>\n<\/ul>\n","protected":false},"excerpt":{"rendered":"<p>O prefeito eleito de Petr\u00f3polis, Hingo Hammes, do Partido Progressista (PP), o vice Albano Batista<\/p>\n","protected":false},"author":2,"featured_media":96673,"comment_status":"open","ping_status":"open","sticky":false,"template":"","format":"standard","meta":{"footnotes":""},"categories":[12],"tags":[],"class_list":["post-96672","post","type-post","status-publish","format-standard","has-post-thumbnail","hentry","category-cidade"],"_links":{"self":[{"href":"https:\/\/tvc16.com\/portal\/wp-json\/wp\/v2\/posts\/96672","targetHints":{"allow":["GET"]}}],"collection":[{"href":"https:\/\/tvc16.com\/portal\/wp-json\/wp\/v2\/posts"}],"about":[{"href":"https:\/\/tvc16.com\/portal\/wp-json\/wp\/v2\/types\/post"}],"author":[{"embeddable":true,"href":"https:\/\/tvc16.com\/portal\/wp-json\/wp\/v2\/users\/2"}],"replies":[{"embeddable":true,"href":"https:\/\/tvc16.com\/portal\/wp-json\/wp\/v2\/comments?post=96672"}],"version-history":[{"count":1,"href":"https:\/\/tvc16.com\/portal\/wp-json\/wp\/v2\/posts\/96672\/revisions"}],"predecessor-version":[{"id":96674,"href":"https:\/\/tvc16.com\/portal\/wp-json\/wp\/v2\/posts\/96672\/revisions\/96674"}],"wp:featuredmedia":[{"embeddable":true,"href":"https:\/\/tvc16.com\/portal\/wp-json\/wp\/v2\/media\/96673"}],"wp:attachment":[{"href":"https:\/\/tvc16.com\/portal\/wp-json\/wp\/v2\/media?parent=96672"}],"wp:term":[{"taxonomy":"category","embeddable":true,"href":"https:\/\/tvc16.com\/portal\/wp-json\/wp\/v2\/categories?post=96672"},{"taxonomy":"post_tag","embeddable":true,"href":"https:\/\/tvc16.com\/portal\/wp-json\/wp\/v2\/tags?post=96672"}],"curies":[{"name":"wp","href":"https:\/\/api.w.org\/{rel}","templated":true}]}}