{"id":96679,"date":"2025-01-02T13:40:30","date_gmt":"2025-01-02T16:40:30","guid":{"rendered":"https:\/\/tvc16.com\/portal\/?p=96679"},"modified":"2025-01-02T13:40:31","modified_gmt":"2025-01-02T16:40:31","slug":"leonardo-vasconcellos-assume-a-prefeitura-de-teresopolis-e-anuncia-reducao-do-preco-da-passagem-de-onibus-e-tarifa-zero-aos-domingos","status":"publish","type":"post","link":"https:\/\/tvc16.com\/portal\/2025\/01\/02\/leonardo-vasconcellos-assume-a-prefeitura-de-teresopolis-e-anuncia-reducao-do-preco-da-passagem-de-onibus-e-tarifa-zero-aos-domingos\/","title":{"rendered":"Leonardo Vasconcellos assume\u00a0a Prefeitura de Teres\u00f3polis e anuncia redu\u00e7\u00e3o do pre\u00e7o da passagem de \u00f4nibus e tarifa zero aos domingos"},"content":{"rendered":"\n<p>Empossado nesta quarta-feira, 1\u00ba de janeiro,&nbsp;para o mandato 2025\/2028 junto com a Vice-prefeita, Dra. Afaf Ribeiro (DC),&nbsp;o&nbsp;Prefeito de Teres\u00f3polis, Leonardo Vasconcellos (Uni\u00e3o), anunciou um pacote de atos oficiais, marcando o in\u00edcio de sua gest\u00e3o. Por meio da mensagem do decreto 6.347\/2025, foi lan\u00e7ado o programa Vai de \u00d4nibus, de democratiza\u00e7\u00e3o do transporte coletivo, e que reduz o valor da tarifa de \u00f4nibus dos atuais R$ 5,30 para R$ 4,90 j\u00e1 a partir de segunda-feira, dia 6 de janeiro.<\/p>\n\n\n\n<p>Tamb\u00e9m foi institu\u00eddo o programa Doming\u00e3o Tarifa Zero com transporte coletivo municipal gratuito para toda a popula\u00e7\u00e3o&nbsp;a partir do pr\u00f3ximo domingo, 5 de janeiro, e feito o lan\u00e7amento do aplicativo Vai de \u00d4nibus, j\u00e1 dispon\u00edvel para dispositivos Android e IOS e por meio do qual o usu\u00e1rio poder\u00e1 acompanhar em tempo real a localiza\u00e7\u00e3o das linhas de \u00f4nibus em opera\u00e7\u00e3o no munic\u00edpio.<\/p>\n\n\n\n<p>\u201cOs teresopolitanos podem esperar um governo de gente para cuidar de gente! Vamos sonhar e realizar, reconstruir as escolas que est\u00e3o fechadas, realizar concurso p\u00fablico, vamos baixar a tarifa de \u00f4nibus e, aos domingos, o \u00f4nibus ser\u00e1 gratuito. Vamos fazer o nosso hospital p\u00fablico. Mas, pra isso, precisamos de muita austeridade e contar com os contribuintes. Com a uni\u00e3o de todos vamos fazer Teres\u00f3polis voltar a estar acima de tudo. Estou muito honrado, pois me foi entregue o maior desafio da minha vida. Mas, tenho certeza de que, com a for\u00e7a de Deus e a uni\u00e3o da nossa cidade, vamos vencer os desafios e entregar uma Teres\u00f3polis muito melhor do que encontramos\u201d, assegurou o Prefeito Leonardo Vasconcellos, acompanhado da Primeira-dama, Claudia Soares.<\/p>\n\n\n\n<p><strong>Mobilidade urbana:&nbsp;<\/strong>Cumprindo um de seus principais compromissos assumidos durante a campanha, Leonardo Vasconcellos assinou um protocolo de inten\u00e7\u00f5es para Acordo de Coopera\u00e7\u00e3o T\u00e9cnica junto \u00e0 Federa\u00e7\u00e3o das Empresas de Mobilidade do Estado do Rio de Janeiro (SEMOVE), visando \u00e0 elabora\u00e7\u00e3o do primeiro Plano de Mobilidade Urbana de Teres\u00f3polis. O objetivo \u00e9 realizar estudos para identificar os principais gargalos vi\u00e1rios que comprometem a fluidez do tr\u00e2nsito e propor interven\u00e7\u00f5es emergenciais para mitigar os problemas mais cr\u00edticos, com o desenvolvimento de a\u00e7\u00f5es a curto, m\u00e9dio e longo prazos.<\/p>\n\n\n\n<p><strong>Concurso, auditoria e reforma administrativa:&nbsp;<\/strong>Outras ordens executivas anunciadas foram a instaura\u00e7\u00e3o de auditorias em contas, processos e atos da administra\u00e7\u00e3o p\u00fablica, conforme previsto em seu Plano de Governo; a reorganiza\u00e7\u00e3o da estrutura administrativa da Prefeitura, passo inicial para a futura reforma administrativa, sem alterar custos; e a cria\u00e7\u00e3o de grupo de trabalho para elabora\u00e7\u00e3o de estudos voltados para a realiza\u00e7\u00e3o de concurso p\u00fablico, a fim de recompor o quadro efetivo da administra\u00e7\u00e3o p\u00fablica e equilibrar as contas do Instituto de Previd\u00eancia Municipal.<\/p>\n\n\n\n<p><strong>Proibi\u00e7\u00e3o de medi\u00e7\u00f5es a\u00e9reas para reajuste do IPTU:&nbsp;<\/strong>A partir de janeiro de 2025, fica proibido&nbsp;o reajuste do valor do IPTU (Imposto Predial e Territorial Urbano) baseado exclusivamente por drones ou tecnologias semelhantes.<\/p>\n\n\n\n<p><strong>O<\/strong><strong>&nbsp;Prefeito<\/strong>: Aos 40 anos de idade, o teresopolitano Jos\u00e9 Leonardo Vasconcellos de Andrade \u00e9 formado em Administra\u00e7\u00e3o, com p\u00f3s-gradua\u00e7\u00e3o em Gest\u00e3o P\u00fablica. Foi professor em Seguran\u00e7a e Sa\u00fade do Trabalhador no Senac (2004\/2015), assessor parlamentar, diretor geral da C\u00e2mara Municipal de Teres\u00f3polis (2009\/2012), secret\u00e1rio municipal de Educa\u00e7\u00e3o (2012\/2015) e secret\u00e1rio municipal de Governo e Coordena\u00e7\u00e3o interino (2014\/2015) na Prefeitura de Teres\u00f3polis . Foi vereador por dois mandatos (2017\/2020 e 2021\/2024) e presidente da C\u00e2mara Municipal.<\/p>\n\n\n\n<p><strong>A<\/strong><strong>&nbsp;Vice-prefeita<\/strong>: Nascida em Campos dos Goytacazes(RJ), a m\u00e9dica Afaf Francis Ribeiro tem 67 anos. Vice-prefeita de Teres\u00f3polis por duas vezes (1997\/2000 e 2005\/2008), foi a primeira e \u00fanica prefeita da cidade (1999), quando assumiu cargo por seis meses. \u00c9&nbsp;casada com o m\u00e9dico Luiz Ribeiro, que foi Vereador por duas vezes (1988\/1991 e 1992\/1994), Deputado Estadual (1995\/1998) e Deputado Federal (1999\/2003).<\/p>\n\n\n\n<p><strong>Secret\u00e1rios municipais<\/strong>: O Prefeito Leonardo Vasconcellos deu posse aos secret\u00e1rios que v\u00e3o compor sua equipe de governo, profissionais experientes em diversas \u00e1reas e prontos para atender os desafios do munic\u00edpio. Falta apenas definir quem ser\u00e3o os titulares das secretarias municipais de Direitos da Mulher e de Esporte e Lazer.<\/p>\n\n\n\n<p><strong>Administra\u00e7\u00e3o<\/strong>: Karina de Freitas Bronzo.&nbsp;Bacharel em Direito, t\u00e9cnica em processamento de dados e P\u00f3s-Graduada em finan\u00e7as p\u00fablicas pela Universidade Candido Mendes. No servi\u00e7o p\u00fablico ocupou os cargos de Gerente de Inform\u00e1tica e Gerente Administrativo e Financeiro na Secretaria Municipal de Tr\u00e2nsito e Servi\u00e7os P\u00fablicos, Diretora Administrativa e Financeira na Empresa Municipal de Limpeza Urbana e Gerente de Planejamento da Secretaria Municipal de Despesa e Planejamento de Nova Igua\u00e7u. Foi auditora do Instituto de Terras e Cartografia do Estado do Rio de Janeiro (ITERJ), Assessora da Presid\u00eancia da Companhia Estadual de Habita\u00e7\u00e3o do Estado do Rio de Janeiro, Diretora Geral de Administra\u00e7\u00e3o e Finan\u00e7as da Secretaria de Habita\u00e7\u00e3o do Estado do Rio de Janeiro e Secret\u00e1ria Municipal de Servi\u00e7os, Seguran\u00e7a e&nbsp;Ordem P\u00fablica de Petr\u00f3polis. Atuou como assessora nas Secretarias de Estado de A\u00e7\u00e3o Comunit\u00e1ria e Juventude e de Esporte e Lazer do Estado do Rio de Janeiro.<\/p>\n\n\n\n<p><strong>Agricultura<\/strong>: Jos\u00e9 Francisco de Resende Cort\u00e1zio.&nbsp;Empres\u00e1rio com ampla atua\u00e7\u00e3o nos ramos de terraplanagem e pavimenta\u00e7\u00e3o, Jos\u00e9 Francisco de Resende Cort\u00e1zio tamb\u00e9m \u00e9 consultor aut\u00f4nomo nessas \u00e1reas. No setor p\u00fablico, j\u00e1 ocupou o cargo de Secret\u00e1rio Municipal de Agricultura na Prefeitura de Teres\u00f3polis, trazendo sua experi\u00eancia t\u00e9cnica e pr\u00e1tica para o desenvolvimento do setor agr\u00edcola no munic\u00edpio.<\/p>\n\n\n\n<p><strong>Assist\u00eancia Social e Direitos Humanos:<\/strong>&nbsp;Julieta Fares Francis Pampillon.&nbsp;Graduada em Ci\u00eancias Cont\u00e1beis, Julieta Fares Francis Pampillon \u00e9 empres\u00e1ria com experi\u00eancia nos setores de vestu\u00e1rio, administra\u00e7\u00e3o de im\u00f3veis e gest\u00e3o na \u00e1rea da constru\u00e7\u00e3o civil.<\/p>\n\n\n\n<p><strong>Ci\u00eancia e Tecnologia e interino de Governo e Coordena\u00e7\u00e3o:&nbsp;<\/strong>Andr\u00e9 Muniz Pinto.Bacharel em Comunica\u00e7\u00e3o Social, Andr\u00e9 Muniz \u00e9 p\u00f3s-graduado em Marketing Empresarial pela Universidade Federal Fluminense e especialista em Marketing Estrat\u00e9gico. No setor privado, atua como redator publicit\u00e1rio, diretor de cria\u00e7\u00e3o e diretor t\u00e9cnico em eventos corporativos de grande porte. J\u00e1 no setor p\u00fablico, desempenhou fun\u00e7\u00f5es como Subsecret\u00e1rio de Comunica\u00e7\u00e3o e Subsecret\u00e1rio de Turismo em Teres\u00f3polis, al\u00e9m de Subsecret\u00e1rio de Receita e Secret\u00e1rio Municipal de Fazenda em Guapimirim e Chefe da Fiscaliza\u00e7\u00e3o Tribut\u00e1ria em Mag\u00e9.<\/p>\n\n\n\n<p><strong>Controle Interno interino<\/strong>: Filipe da Silva Lima. Advogado e contador graduado pelo Centro Universit\u00e1rio Serra dos \u00d3rg\u00e3os (Unifeso), tem p\u00f3s-gradua\u00e7\u00e3o em Direito Civil pela Universidade Candido Mendes. Foi subsecret\u00e1rio de Aten\u00e7\u00e3o \u00e0 Sa\u00fade na Prefeitura de Itabora\u00ed, exerceu o cargo de contador na Prefeitura de Guapimirim e foi presidente do Fundo Municipal de Sa\u00fade da Secretaria Municipal de Sa\u00fade de Teres\u00f3polis.<\/p>\n\n\n\n<p><strong>Cultura<\/strong>: Wanderley Peres Jacinto.&nbsp;Jornalista, escritor e historiador. Mantenedor do projeto Pr\u00f3-Mem\u00f3ria Teres\u00f3polis, foi secret\u00e1rio de Cultura por dois per\u00edodos, quando implantou programas voltados \u00e0 cultura popular e o patrim\u00f4nio hist\u00f3rico, e atuou fortemente junto ao F\u00f3rum Municipal de Cultura para a conquista do CPF da Cultura, com a cria\u00e7\u00e3o do Conselho de Pol\u00edticas Culturais.<\/p>\n\n\n\n<p><strong>Defesa Civi<\/strong><strong>l<\/strong>: Tenente-coronel Mariana Antunes.&nbsp;Tenente-coronel do Corpo de Bombeiros Militar do Estado do Rio de Janeiro, Mariana Antunes \u00e9 bacharel em Direito e possui MBA Executivo em Administra\u00e7\u00e3o pela Funda\u00e7\u00e3o Get\u00falio Vargas, al\u00e9m de especializa\u00e7\u00e3o em Gerenciamento de Desastres e Prote\u00e7\u00e3o e Defesa Civil. Sua trajet\u00f3ria inclui cargos de destaque como Subcomandante do 2\u00ba e 19\u00ba Grupamentos de Bombeiro Militar, Ajudante de Ordem do Secret\u00e1rio de Estado de Defesa Civil, Diretora Geral de Divers\u00f5es P\u00fablicas do CBMERJ e Subcoordenadora da Regional de Defesa&nbsp;Civil Estadual da Regi\u00e3o Serrana.<\/p>\n\n\n\n<p><strong>Educa\u00e7\u00e3o<\/strong>: Carla Rabello Ferreira.&nbsp;Com 33 anos de experi\u00eancia como professora concursada na rede p\u00fablica municipal, Carla Rabelo Ferreira \u00e9 licenciada em Pedagogia pela Faculdade de Filosofia, Ci\u00eancias e Letras Professora Nair Fortes Abu-Merhy (MG). Possui p\u00f3s-gradua\u00e7\u00e3o em Psicopedagogia Educacional e Cl\u00ednica, al\u00e9m de Ci\u00eancias da Religi\u00e3o, ambas pela Universidade Candido Mendes. No setor p\u00fablico, atuou como coordenadora pedag\u00f3gica, diretora de unidade escolar e Diretora do Departamento de Educa\u00e7\u00e3o da Secretaria Municipal de Educa\u00e7\u00e3o de Teres\u00f3polis.<\/p>\n\n\n\n<p><strong>Fazenda<\/strong>: Dr. Andr\u00e9 Luiz de Oliveira Soares.&nbsp;Advogado, p\u00f3s-graduado em Direito Tribut\u00e1rio. No setor p\u00fablico ocupou os cargos de Subsecret\u00e1rio Municipal de Fazenda na Prefeitura de Mag\u00e9, Secret\u00e1rio Municipal de Fazenda na Prefeitura de Areal, Secret\u00e1rio Municipal de Fazenda e Secret\u00e1rio Municipal de Planejamento na Prefeitura de Teres\u00f3polis. Secret\u00e1rio Municipal de Fazenda na Prefeitura de Guapimirim, Subsecret\u00e1rio Municipal de Fazenda e Secret\u00e1rio Municipal de Planejamento, Transpar\u00eancia e Moderniza\u00e7\u00e3o da Gest\u00e3o na Prefeitura de Volta Redonda.<\/p>\n\n\n\n<p><strong>Fiscaliza\u00e7\u00e3o de Obras<\/strong>: Matheus Lauand Zeghir.&nbsp;Graduado em Engenharia de Produ\u00e7\u00e3o, Matheus Lauand Zeghir \u00e9 especializado em An\u00e1lise de Planejamento Financeiro e Gest\u00e3o de Equipes Multidisciplinares. No setor privado, destacou-se como Diretor Administrativo de uma cl\u00ednica m\u00e9dica multidisciplinar, acumulando experi\u00eancia em gest\u00e3o estrat\u00e9gica e operacional.<\/p>\n\n\n\n<p><strong>Meio Ambiente<\/strong>: Coronel Leonardo de Almeida Maia.&nbsp;Coronel da Pol\u00edcia Militar e perito criminal, Leonardo de Almeida Maia \u00e9 bacharel em Direito, em Seguran\u00e7a P\u00fablica e Forma\u00e7\u00e3o de Oficiais pela Pol\u00edcia Militar do Estado do Rio de Janeiro. P\u00f3s-graduado em Biodiversidade pela Universidade do Estado do Rio de&nbsp;Janeiro, possui ampla experi\u00eancia em gest\u00e3o ambiental. No setor p\u00fablico, ocupou cargos de destaque, como Coordenador de Combate a Crimes Ambientais na Secretaria de Estado de Meio Ambiente do Rio de Janeiro, Corregedor do Instituto Estadual do Meio Ambiente&nbsp;(INEA) e Assessor Especial da Secretaria de Estado de Meio Ambiente.<\/p>\n\n\n\n<p><strong>Obras e Servi\u00e7os P\u00fablicos<\/strong>:&nbsp; Edmar Ramos da Silva.&nbsp;Empreendedor do ramo da constru\u00e7\u00e3o civil. No setor p\u00fablico, ocupou os cargos de Chefe de Viaturas da C\u00e2mara Municipal de Teres\u00f3polis, Presidente da Comiss\u00e3o Provis\u00f3ria das Obras de Reforma da C\u00e2mara de Vereadores de Teres\u00f3polis e Diretor Geral do Poder Legislativo da C\u00e2mara Municipal de Vereadores de Teres\u00f3polis.<\/p>\n\n\n\n<p><strong>Planejamento<\/strong>: Maria Andrea Miguens Guarilha.&nbsp;Arquiteta e servidora p\u00fablica aposentada da Prefeitura de Teres\u00f3polis, Andrea Miguens possui ampla experi\u00eancia na administra\u00e7\u00e3o p\u00fablica. J\u00e1 atuou como Diretora de Departamento, Subsecret\u00e1ria de Planejamento e Habita\u00e7\u00e3o, al\u00e9m de Secret\u00e1ria Municipal de Obras&nbsp;e Planejamento.<\/p>\n\n\n\n<p><strong>Procuradoria-Geral<\/strong>: Dr. Geraldo Menezes de Almeida.&nbsp;Advogado com p\u00f3s-gradua\u00e7\u00e3o em Direito Individual e Coletivo do Trabalho pela Universidade Est\u00e1cio de S\u00e1 e mestre em Direito Empresarial pela UNIG, Dr. Geraldo tem ampla experi\u00eancia acad\u00eamica, tendo lecionado na UNIGRANRIO e na p\u00f3s-gradua\u00e7\u00e3o da Universidade&nbsp;Candido Mendes. Foi Presidente da Segunda Subse\u00e7\u00e3o da OAB de Duque de Caxias e possui vasta trajet\u00f3ria no setor p\u00fablico, onde atuou como Procurador Municipal Chefe em diversas \u00e1reas, Presidente da Junta de Recursos Fiscais, Chefe de Gabinete, Subsecret\u00e1rio&nbsp;de Trabalho e Desenvolvimento Econ\u00f4mico em Duque de Caxias e Secret\u00e1rio de Administra\u00e7\u00e3o em Teres\u00f3polis. Atualmente \u00e9 Procurador Municipal aposentado.<\/p>\n\n\n\n<p><strong>Projetos Especiais<\/strong>: Marcelo Le\u00f4ncio Vieira.&nbsp;Empres\u00e1rio com gradua\u00e7\u00e3o em Gest\u00e3o P\u00fablica e especializa\u00e7\u00e3o em Gest\u00e3o de Projetos, Marcelo Le\u00f4ncio possui experi\u00eancia tanto no setor privado, onde atuou como administrador pleno e gerente de projetos, quanto no setor p\u00fablico. J\u00e1 ocupou os cargos de Chefe de&nbsp;Gabinete na Prefeitura de Teres\u00f3polis, al\u00e9m de Assessor Parlamentar na Assembleia Legislativa do Estado do Rio de Janeiro e na C\u00e2mara Federal.<\/p>\n\n\n\n<p><strong>Sa\u00fade<\/strong>: Dr. F\u00e1bio Romero Gallote de Albuquerque.&nbsp;M\u00e9dico pelo UNIFESO e fisioterapeuta pela Faculdade Integrada do Recife, Dr. F\u00e1bio \u00e9 p\u00f3s-graduado em Medicina Intensiva pela AMIB e possui diversas especializa\u00e7\u00f5es, incluindo Terapia Manual, Fisioterapia Cardiorrespirat\u00f3ria, Gest\u00e3o em Sa\u00fade, Assist\u00eancia Ventilat\u00f3ria Mec\u00e2nica e Gest\u00e3o P\u00fablica pela FGV. Com ampla experi\u00eancia no setor p\u00fablico, foi Diretor M\u00e9dico Intensivista no Hospital Municipal Albert Schweitzer, Secret\u00e1rio Municipal de Sa\u00fade em Caet\u00e9s (PE) e Subsecret\u00e1rio de Sa\u00fade em Cabo Frio (RJ). Al\u00e9m disso, atuou como m\u00e9dico em v\u00e1rias cidades do Rio de Janeiro, incluindo Teres\u00f3polis, Carmo, Mag\u00e9, Niter\u00f3i e S\u00e3o Gon\u00e7alo.<\/p>\n\n\n\n<p><strong>Seguran\u00e7a P\u00fablica<\/strong>: S\u00e9rgio Mauro Louzada Fares.&nbsp;Bacharel em Direito pelo UNIFESO e forma\u00e7\u00e3o Superior em Gest\u00e3o da Seguran\u00e7a P\u00fablica e Privada pela FMP. No setor privado, atuou como diretor geral de ve\u00edculos de comunica\u00e7\u00e3o e \u00e2ncora especializado nas editorias de comunidade, pol\u00edtica e policial. No setor p\u00fablico, exerceu fun\u00e7\u00f5es como Coordenador de Modalidade na Secretaria de Esportes de Teres\u00f3polis, Assessor Parlamentar na C\u00e2mara Municipal de Teres\u00f3polis, Subsecret\u00e1rio de Turismo de Guapimirim, Secret\u00e1rio de Assist\u00eancia Social em Areal e Coordenador de Comunica\u00e7\u00e3o Social na Prefeitura de Guapimirim.<\/p>\n\n\n\n<p><strong>Trabalho, Emprego e Economia Solid\u00e1ria<\/strong>: Gilson Luiz Barbosa.&nbsp;Empres\u00e1rio do setor de constru\u00e7\u00e3o civil com forma\u00e7\u00e3o em Estudos Sociais. J\u00e1 atuou como Secret\u00e1rio Municipal de Servi\u00e7os P\u00fablicos e Secret\u00e1rio de Governo e Coordena\u00e7\u00e3o na Prefeitura de Teres\u00f3polis, contribuindo para a gest\u00e3o e desenvolvimento estrat\u00e9gico da&nbsp;cidade.<\/p>\n\n\n\n<p><strong>Turismo<\/strong>: Janaina Bernardo da Motta Benedito Alves.&nbsp;Empres\u00e1ria dos setores de comunica\u00e7\u00e3o e turismo, Nina Benedito \u00e9 comunicadora e idealizadora do projeto Tesouros da Serra. Formada em Licenciatura em Turismo pela UNI-RIO, \u00e9 p\u00f3s-graduada em Gest\u00e3o de Recursos Humanos e possui especializa\u00e7\u00f5es em Tecnologia em&nbsp;Processos Gerenciais, Direito Social e Assessoria Jur\u00eddica Popular, al\u00e9m de forma\u00e7\u00e3o t\u00e9cnica como Guia de Turismo. Com experi\u00eancia como \u00e2ncora na editoria de variedades e turismo, \u00e9 tamb\u00e9m membro consultivo da Comiss\u00e3o de Turismo da OAB, contribuindo para&nbsp;o fortalecimento do setor tur\u00edstico na regi\u00e3o.<\/p>\n\n\n\n<p><strong>Posicionamento sobre o pacote de medidas do governo municipal de Teres\u00f3polis para o transporte p\u00fablico<\/strong><\/p>\n\n\n\n<p>As&nbsp;empresas&nbsp;Dedo de Deus e 1\u00ba de Mar\u00e7o entendem como&nbsp;essenciais as&nbsp;iniciativas&nbsp;anunciadas pelo prefeito de Teres\u00f3polis, Leonardo Vasconcellos, em rela\u00e7\u00e3o ao transporte coletivo da cidade.<\/p>\n\n\n\n<p>Atrav\u00e9s&nbsp;do pacote de a\u00e7\u00f5es apresentadas, a atual gest\u00e3o promove&nbsp;algo in\u00e9dito no munic\u00edpio:&nbsp;a&nbsp;redu\u00e7\u00e3o&nbsp;da tarifa do transporte, com o programa Tarifa Cidad\u00e3,&nbsp;e a tarifa zero aos domingos,&nbsp;com o Doming\u00e3o Tarifa Zero,&nbsp;beneficiando milhares de Teresopolitanos&nbsp;e promovendo justi\u00e7a social, j\u00e1 que a renda&nbsp;familiar&nbsp;de 70% dos passageiros que utilizam o transporte p\u00fablico&nbsp;na cidade&nbsp;\u00e9 de&nbsp;apenas&nbsp;1,5 sal\u00e1rio-m\u00ednimo.<\/p>\n\n\n\n<p>As iniciativas promovidas s\u00e3o&nbsp;o primeiro passo&nbsp;para o&nbsp;reequil\u00edbrio do sistema de \u00f4nibus&nbsp;de Teres\u00f3polis&nbsp;que, a m\u00e9dio prazo,&nbsp;poder\u00e1&nbsp;retornar&nbsp;a um n\u00edvel de qualidade superior,&nbsp;atributo&nbsp;que foi&nbsp;gravemente&nbsp;comprometido&nbsp;pela falta de pol\u00edticas assertivas da antiga gest\u00e3o do&nbsp;munic\u00edpio.&nbsp;<\/p>\n\n\n\n<p>Vale lembrar&nbsp;que&nbsp;as a\u00e7\u00f5es anunciadas&nbsp;foram defendidas pelas empresas ao longo dos \u00faltimos anos&nbsp;e s\u00e3o&nbsp;adotadas com sucesso&nbsp;por diversas cidades no Brasil e&nbsp;do mundo,&nbsp;j\u00e1 que o transporte p\u00fablico acess\u00edvel a todos \u00e9 um direito&nbsp;social&nbsp;previsto na Constitui\u00e7\u00e3o Federal.<\/p>\n\n\n\n<p><strong>\u00a0Fotos: Marco Antonio Esteves e Jeferson Hermida.<\/strong><\/p>\n","protected":false},"excerpt":{"rendered":"<p>Empossado nesta quarta-feira, 1\u00ba de janeiro,&nbsp;para o mandato 2025\/2028 junto com a Vice-prefeita, Dra. Afaf<\/p>\n","protected":false},"author":2,"featured_media":96680,"comment_status":"open","ping_status":"open","sticky":false,"template":"","format":"standard","meta":{"footnotes":""},"categories":[17],"tags":[],"class_list":["post-96679","post","type-post","status-publish","format-standard","has-post-thumbnail","hentry","category-outras-noticias"],"_links":{"self":[{"href":"https:\/\/tvc16.com\/portal\/wp-json\/wp\/v2\/posts\/96679","targetHints":{"allow":["GET"]}}],"collection":[{"href":"https:\/\/tvc16.com\/portal\/wp-json\/wp\/v2\/posts"}],"about":[{"href":"https:\/\/tvc16.com\/portal\/wp-json\/wp\/v2\/types\/post"}],"author":[{"embeddable":true,"href":"https:\/\/tvc16.com\/portal\/wp-json\/wp\/v2\/users\/2"}],"replies":[{"embeddable":true,"href":"https:\/\/tvc16.com\/portal\/wp-json\/wp\/v2\/comments?post=96679"}],"version-history":[{"count":1,"href":"https:\/\/tvc16.com\/portal\/wp-json\/wp\/v2\/posts\/96679\/revisions"}],"predecessor-version":[{"id":96681,"href":"https:\/\/tvc16.com\/portal\/wp-json\/wp\/v2\/posts\/96679\/revisions\/96681"}],"wp:featuredmedia":[{"embeddable":true,"href":"https:\/\/tvc16.com\/portal\/wp-json\/wp\/v2\/media\/96680"}],"wp:attachment":[{"href":"https:\/\/tvc16.com\/portal\/wp-json\/wp\/v2\/media?parent=96679"}],"wp:term":[{"taxonomy":"category","embeddable":true,"href":"https:\/\/tvc16.com\/portal\/wp-json\/wp\/v2\/categories?post=96679"},{"taxonomy":"post_tag","embeddable":true,"href":"https:\/\/tvc16.com\/portal\/wp-json\/wp\/v2\/tags?post=96679"}],"curies":[{"name":"wp","href":"https:\/\/api.w.org\/{rel}","templated":true}]}}