{"id":96682,"date":"2025-01-02T13:44:09","date_gmt":"2025-01-02T16:44:09","guid":{"rendered":"https:\/\/tvc16.com\/portal\/?p=96682"},"modified":"2025-01-02T13:45:39","modified_gmt":"2025-01-02T16:45:39","slug":"ruas-alfredo-pacha-reabrira-para-veiculos-hoje-02","status":"publish","type":"post","link":"https:\/\/tvc16.com\/portal\/2025\/01\/02\/ruas-alfredo-pacha-reabrira-para-veiculos-hoje-02\/","title":{"rendered":"Ruas Alfredo Pach\u00e1 reabrir\u00e1 para ve\u00edculos hoje (02)"},"content":{"rendered":"\n<p>A Companhia Petropolitana de Tr\u00e2nsito e Transportes (CPTrans), informou nesta quinta-feira (02), que reabrir\u00e1 o tr\u00e2nsito para ve\u00edculos hoje, partir das 15h , na Rua Alfredo Pach\u00e1. Al\u00e9m disso, a Rua Padre Siqueira ter\u00e1 a m\u00e3o invertida. <\/p>\n\n\n\n<p>Foto: Maps<\/p>\n","protected":false},"excerpt":{"rendered":"<p>A Companhia Petropolitana de Tr\u00e2nsito e Transportes (CPTrans), informou nesta quinta-feira (02), que reabrir\u00e1 o<\/p>\n","protected":false},"author":2,"featured_media":60164,"comment_status":"open","ping_status":"open","sticky":false,"template":"","format":"standard","meta":{"footnotes":""},"categories":[12],"tags":[],"class_list":["post-96682","post","type-post","status-publish","format-standard","has-post-thumbnail","hentry","category-cidade"],"_links":{"self":[{"href":"https:\/\/tvc16.com\/portal\/wp-json\/wp\/v2\/posts\/96682","targetHints":{"allow":["GET"]}}],"collection":[{"href":"https:\/\/tvc16.com\/portal\/wp-json\/wp\/v2\/posts"}],"about":[{"href":"https:\/\/tvc16.com\/portal\/wp-json\/wp\/v2\/types\/post"}],"author":[{"embeddable":true,"href":"https:\/\/tvc16.com\/portal\/wp-json\/wp\/v2\/users\/2"}],"replies":[{"embeddable":true,"href":"https:\/\/tvc16.com\/portal\/wp-json\/wp\/v2\/comments?post=96682"}],"version-history":[{"count":2,"href":"https:\/\/tvc16.com\/portal\/wp-json\/wp\/v2\/posts\/96682\/revisions"}],"predecessor-version":[{"id":96684,"href":"https:\/\/tvc16.com\/portal\/wp-json\/wp\/v2\/posts\/96682\/revisions\/96684"}],"wp:featuredmedia":[{"embeddable":true,"href":"https:\/\/tvc16.com\/portal\/wp-json\/wp\/v2\/media\/60164"}],"wp:attachment":[{"href":"https:\/\/tvc16.com\/portal\/wp-json\/wp\/v2\/media?parent=96682"}],"wp:term":[{"taxonomy":"category","embeddable":true,"href":"https:\/\/tvc16.com\/portal\/wp-json\/wp\/v2\/categories?post=96682"},{"taxonomy":"post_tag","embeddable":true,"href":"https:\/\/tvc16.com\/portal\/wp-json\/wp\/v2\/tags?post=96682"}],"curies":[{"name":"wp","href":"https:\/\/api.w.org\/{rel}","templated":true}]}}