{"id":9669,"date":"2021-01-16T15:34:28","date_gmt":"2021-01-16T18:34:28","guid":{"rendered":"https:\/\/tvc16.com\/portal\/?p=9669"},"modified":"2021-01-16T15:35:40","modified_gmt":"2021-01-16T18:35:40","slug":"governo-municipal-recebeu-neste-sabado-100-mil-seringas-e-agulhas-para-vacinacao-contra-a-covid-19-os-insumos-foram-fornecidos-pelo-governo-do-estado-conforme-acordado-firmado-durante-a-semana-entre","status":"publish","type":"post","link":"https:\/\/tvc16.com\/portal\/2021\/01\/16\/governo-municipal-recebeu-neste-sabado-100-mil-seringas-e-agulhas-para-vacinacao-contra-a-covid-19-os-insumos-foram-fornecidos-pelo-governo-do-estado-conforme-acordado-firmado-durante-a-semana-entre\/","title":{"rendered":"Governo municipal recebeu neste s\u00e1bado 100 mil seringas e agulhas para vacina\u00e7\u00e3o contra a covid-19. Os insumos foram fornecidos pelo Governo do Estado, conforme acordo firmado durante a semana entre o prefeito interino Hingo Hammes e o governador, em exerc\u00edcio, Cl\u00e1udio Castro"},"content":{"rendered":"\n<p>Os insumos que chegaram ao munic\u00edpio ser\u00e3o utilizados nas quatro primeiras fases da campanha de imuniza\u00e7\u00e3o, conforme planejamento realizado com base nas determina\u00e7\u00f5es do Minist\u00e9rio da Sa\u00fade. Seguindo o protocolo nacional, receber\u00e3o a vacina na primeira fase trabalhadores da sa\u00fade, idosos a partir dos 75 anos, idosos a partir dos 60 anos asilados ou residentes em institui\u00e7\u00f5es psiqui\u00e1tricas. A estimativa \u00e9 que fa\u00e7am parte deste grupo cerca de 30 mil pessoas.<br>\u201cAgrade\u00e7o ao governador Claudio Castro que, desde o primeiro momento, se colocou \u00e0 disposi\u00e7\u00e3o do munic\u00edpio, garantindo que forneceria as seringas e agulhas necess\u00e1rias para a campanha. Estamos trabalhando para fechar o Plano Municipal de Vacina\u00e7\u00e3o, que estar\u00e1 pronto at\u00e9 segunda-feira, e aguardando o Minist\u00e9rio da Sa\u00fade, que dever\u00e1 definir a data de distribui\u00e7\u00e3o da vacina nos Estados e in\u00edcio da campanha nos Munic\u00edpios. A chegada da vacina trar\u00e1 um al\u00edvio, mas n\u00e3o vai acabar com a necessidade de mantermos todos os cuidados necess\u00e1rios para evitarmos a dissemina\u00e7\u00e3o do v\u00edrus\u201d, lembrou.<br>Na segunda fase ser\u00e3o vacinados idosos de 60 a 74 anos; na terceira fase, pessoas com comorbidades com maior chance de agravamento da doen\u00e7a; e na quarta fase professores e trabalhadores das for\u00e7as de seguran\u00e7a e salvamento.<\/p>\n\n\n\n<p><\/p>\n\n\n\n<figure class=\"wp-block-image size-large\"><img loading=\"lazy\" decoding=\"async\" width=\"766\" height=\"1024\" src=\"https:\/\/tvc16.com\/portal\/wp-content\/uploads\/2021\/01\/IMG-20210116-WA0044-766x1024.jpg\" alt=\"\" class=\"wp-image-9671\" srcset=\"https:\/\/tvc16.com\/portal\/wp-content\/uploads\/2021\/01\/IMG-20210116-WA0044-766x1024.jpg 766w, https:\/\/tvc16.com\/portal\/wp-content\/uploads\/2021\/01\/IMG-20210116-WA0044-225x300.jpg 225w, https:\/\/tvc16.com\/portal\/wp-content\/uploads\/2021\/01\/IMG-20210116-WA0044-768x1026.jpg 768w, https:\/\/tvc16.com\/portal\/wp-content\/uploads\/2021\/01\/IMG-20210116-WA0044.jpg 958w\" sizes=\"auto, (max-width: 766px) 100vw, 766px\" \/><\/figure>\n\n\n\n<p><br>\u201cA chegada destes insumos marca um importante passo no trabalho para podermos iniciar a campanha de vacina\u00e7\u00e3o. Esperamos ter a vacina at\u00e9 o fim de janeiro\u201d, afirmou o secret\u00e1rio Alo\u00edsio Barbosa da Silva Filho. Ele pediu, no entanto, que a popula\u00e7\u00e3o mantenha o uso de m\u00e1scaras, a higieniza\u00e7\u00e3o com \u00e1lcool em gel e o distanciamento. \u201cAt\u00e9 que toda a popula\u00e7\u00e3o seja imunizada, \u00e9 importante mantermos todos os cuidados, lembrando sempre que a pandemia n\u00e3o acabou\u201d, finalizou.<\/p>\n","protected":false},"excerpt":{"rendered":"<p>Os insumos que chegaram ao munic\u00edpio ser\u00e3o utilizados nas quatro primeiras fases da campanha de<\/p>\n","protected":false},"author":2,"featured_media":9672,"comment_status":"open","ping_status":"open","sticky":false,"template":"","format":"standard","meta":{"footnotes":""},"categories":[12],"tags":[],"class_list":["post-9669","post","type-post","status-publish","format-standard","has-post-thumbnail","hentry","category-cidade"],"_links":{"self":[{"href":"https:\/\/tvc16.com\/portal\/wp-json\/wp\/v2\/posts\/9669","targetHints":{"allow":["GET"]}}],"collection":[{"href":"https:\/\/tvc16.com\/portal\/wp-json\/wp\/v2\/posts"}],"about":[{"href":"https:\/\/tvc16.com\/portal\/wp-json\/wp\/v2\/types\/post"}],"author":[{"embeddable":true,"href":"https:\/\/tvc16.com\/portal\/wp-json\/wp\/v2\/users\/2"}],"replies":[{"embeddable":true,"href":"https:\/\/tvc16.com\/portal\/wp-json\/wp\/v2\/comments?post=9669"}],"version-history":[{"count":2,"href":"https:\/\/tvc16.com\/portal\/wp-json\/wp\/v2\/posts\/9669\/revisions"}],"predecessor-version":[{"id":9674,"href":"https:\/\/tvc16.com\/portal\/wp-json\/wp\/v2\/posts\/9669\/revisions\/9674"}],"wp:featuredmedia":[{"embeddable":true,"href":"https:\/\/tvc16.com\/portal\/wp-json\/wp\/v2\/media\/9672"}],"wp:attachment":[{"href":"https:\/\/tvc16.com\/portal\/wp-json\/wp\/v2\/media?parent=9669"}],"wp:term":[{"taxonomy":"category","embeddable":true,"href":"https:\/\/tvc16.com\/portal\/wp-json\/wp\/v2\/categories?post=9669"},{"taxonomy":"post_tag","embeddable":true,"href":"https:\/\/tvc16.com\/portal\/wp-json\/wp\/v2\/tags?post=9669"}],"curies":[{"name":"wp","href":"https:\/\/api.w.org\/{rel}","templated":true}]}}